{"id":9250,"date":"2018-09-27T17:07:00","date_gmt":"2018-09-27T20:07:00","guid":{"rendered":"https:\/\/blogs.correiobraziliense.com.br\/vicente\/?p=9250"},"modified":"2018-09-27T17:29:51","modified_gmt":"2018-09-27T20:29:51","slug":"mercado-se-debruca-sobre-possiveis-governos-de-haddad-e-bolsonaro-2","status":"publish","type":"post","link":"https:\/\/blogs.correiobraziliense.com.br\/vicente\/mercado-se-debruca-sobre-possiveis-governos-de-haddad-e-bolsonaro-2\/","title":{"rendered":"Mercado se debru\u00e7a sobre poss\u00edveis governos de Haddad e Bolsonaro"},"content":{"rendered":"<h2>HAMILTON FERRARI E GABRIEL PONTE<\/h2>\n<h2><\/h2>\n<h2>D\u00favidas n\u00e3o faltam aos investidores nesses \u00faltimos 10 dias para o primeiro turno das elei\u00e7\u00f5es. De um lado, o candidato do PSL, Jair Bolsonaro \u2014 o primeiro nas pesquisas de inten\u00e7\u00e3o de votos \u2014 \u00e9 o mais bem avaliado qualitativamente pelo mercado. Mesmo assim, ainda n\u00e3o \u00e9 unanimidade de que ele executar\u00e1 as medidas que defende. De outro lado, a volta do PT, de Fernando Haddad, ao poder \u00e9 vista como algo prejudicial a economia, com poss\u00edvel alta de juros e infla\u00e7\u00e3o.<\/h2>\n<p>&nbsp;<\/p>\n<p>Mesmo assim, analistas afirmam que parte do mercado come\u00e7a a digerir o nome de Haddad no governo. O pr\u00f3prio candidato e os economistas considerados \u201cmenos ortodoxos\u201d do partido defendem uma agenda de reforma. H\u00e1 um tom de mais calmaria nos ativos. De acordo com o economista-chefe do DMI Group, Daniel Xavier, apesar de o petista estar longe de ser consenso, alguns agentes come\u00e7am a v\u00ea-lo com menos receio.<\/p>\n<p>&nbsp;<\/p>\n<p>\u201cVemos um pouco essa propens\u00e3o do mercado de ser mais tolerante com o Haddad\u201d, diz. \u201c\u00c9 interessante que \u00e9 da interface que o PT tem junto aos grandes bancos e institui\u00e7\u00f5es financeiras que vem esse rumor de releitura qualitativa do candidato. Parte do mercado passou a enxergar que uma eventual presid\u00eancia de Haddad pode, sim, envolver reformas econ\u00f4micas para o pa\u00eds voltar a crescer\u201d, completa Xavier.<\/p>\n<p>&nbsp;<\/p>\n<p>Mas esse sentimento n\u00e3o contagia todo o mercado. A grave crise fiscal deixada pelo PT n\u00e3o foi esquecida pelos investidores, que n\u00e3o querem mais governos considerados populistas. O estrategista financeiro da BlueMetrixs Investimentos, Renan Silva, alega que os agentes apostam numa vit\u00f3ria de Bolsonaro.<\/p>\n<p>&nbsp;<\/p>\n<p>\u201cEm suma, ambiente est\u00e1 mais calmo na semana com investidores apostando em Bolsonaro na lideran\u00e7a e a expectativa sendo atendida. A queda do d\u00f3lar pode ser mais notada na quando ele se consolidar em primeiro lugar no segundo turno e manter Guedes na equipe econ\u00f4mica\u201d, diz.<\/p>\n<p>&nbsp;<\/p>\n<p>Enquanto o cen\u00e1rio dom\u00e9stico reserva incertezas para os pr\u00f3ximos dias, os investidores t\u00eam um dia de otimismo, acompanhando os mercados internacionais. O Ibovespa, principal \u00edndice da Bolsa de Valores de S\u00e3o Paulo (B3) termina o dia em 79.782 pontos, com alta de 1,43%. O d\u00f3lar fecha abaixo de R$ 4, com queda de 0,77%, a R$ 3,99.<\/p>\n<p>&nbsp;<\/p>\n<p>Bras\u00edlia, 17h07min<\/p>\n","protected":false},"excerpt":{"rendered":"<p>HAMILTON FERRARI E GABRIEL PONTE D\u00favidas n\u00e3o faltam aos investidores nesses \u00faltimos 10 dias para o primeiro turno das elei\u00e7\u00f5es. De um lado, o candidato do PSL, Jair Bolsonaro \u2014 o primeiro nas pesquisas de inten\u00e7\u00e3o de votos \u2014 \u00e9 o mais bem avaliado qualitativamente pelo mercado. Mesmo assim, ainda n\u00e3o \u00e9 unanimidade de que [&hellip;]<\/p>\n","protected":false},"author":22,"featured_media":0,"comment_status":"open","ping_status":"closed","sticky":false,"template":"","format":"standard","meta":{"footnotes":""},"categories":[600],"tags":[],"class_list":["post-9250","post","type-post","status-publish","format-standard","hentry","category-economia"],"_links":{"self":[{"href":"https:\/\/blogs.correiobraziliense.com.br\/vicente\/wp-json\/wp\/v2\/posts\/9250","targetHints":{"allow":["GET"]}}],"collection":[{"href":"https:\/\/blogs.correiobraziliense.com.br\/vicente\/wp-json\/wp\/v2\/posts"}],"about":[{"href":"https:\/\/blogs.correiobraziliense.com.br\/vicente\/wp-json\/wp\/v2\/types\/post"}],"author":[{"embeddable":true,"href":"https:\/\/blogs.correiobraziliense.com.br\/vicente\/wp-json\/wp\/v2\/users\/22"}],"replies":[{"embeddable":true,"href":"https:\/\/blogs.correiobraziliense.com.br\/vicente\/wp-json\/wp\/v2\/comments?post=9250"}],"version-history":[{"count":1,"href":"https:\/\/blogs.correiobraziliense.com.br\/vicente\/wp-json\/wp\/v2\/posts\/9250\/revisions"}],"predecessor-version":[{"id":9251,"href":"https:\/\/blogs.correiobraziliense.com.br\/vicente\/wp-json\/wp\/v2\/posts\/9250\/revisions\/9251"}],"wp:attachment":[{"href":"https:\/\/blogs.correiobraziliense.com.br\/vicente\/wp-json\/wp\/v2\/media?parent=9250"}],"wp:term":[{"taxonomy":"category","embeddable":true,"href":"https:\/\/blogs.correiobraziliense.com.br\/vicente\/wp-json\/wp\/v2\/categories?post=9250"},{"taxonomy":"post_tag","embeddable":true,"href":"https:\/\/blogs.correiobraziliense.com.br\/vicente\/wp-json\/wp\/v2\/tags?post=9250"}],"curies":[{"name":"wp","href":"https:\/\/api.w.org\/{rel}","templated":true}]}}