{"id":9247,"date":"2018-09-27T14:24:43","date_gmt":"2018-09-27T17:24:43","guid":{"rendered":"https:\/\/blogs.correiobraziliense.com.br\/vicente\/?p=9247"},"modified":"2018-09-27T15:49:20","modified_gmt":"2018-09-27T18:49:20","slug":"mourao-se-inspirou-em-paulo-guedes-para-detonar-13o-salario","status":"publish","type":"post","link":"https:\/\/blogs.correiobraziliense.com.br\/vicente\/mourao-se-inspirou-em-paulo-guedes-para-detonar-13o-salario\/","title":{"rendered":"Mour\u00e3o se inspirou em Paulo Guedes para detonar 13\u00ba sal\u00e1rio"},"content":{"rendered":"<h2>Se j\u00e1 havia um descontentamento de Jair Bolsonaro com as declara\u00e7\u00f5es desastrosas de seu vice, o general Mour\u00e3o, e de seu conselheiro econ\u00f4mico, o &#8220;Posto Ipiranga&#8221; Paulo Guedes, o quadro piorou muito depois que o capit\u00e3o reformado tomou conhecimento das cr\u00edticas de Mour\u00e3o ao 13\u00ba sal\u00e1rio e \u00e0s f\u00e9rias de trabalhadores. Para Bolsonaro, Mour\u00e3o tocou em um tema t\u00e3o pol\u00eamico, que pode dar in\u00edcio ao desembarque de um p\u00fablico importante da candidatura do representante do PSL, sobretudo nas regi\u00f5es mais pobres do pa\u00eds.<\/h2>\n<p>&nbsp;<\/p>\n<p>Bolsonaro foi avisado de que as declara\u00e7\u00f5es de Mour\u00e3o foram baseadas nos discursos de Paulo Guedes, apontado como futuro ministro da Fazenda no caso de vit\u00f3ria do capit\u00e3o reformado em outubro pr\u00f3ximo e que defende a volta da CPMF, o imposto sobre transa\u00e7\u00f5es financeiras. Guedes \u00e9 contra uma s\u00e9rie de direitos trabalhistas, que, na avalia\u00e7\u00e3o dele, encarecem o emprego no Brasil. Mour\u00e3o e Guedes acreditam que, ao tirarem benef\u00edcios como o 13\u00ba e o adicional sobre f\u00e9rias, as empresas se sentir\u00e3o mais motivadas a contratar.<\/p>\n<p>&nbsp;<\/p>\n<p>N\u00e3o se pode esquecer que o 13\u00ba e o adicional de f\u00e9rias s\u00e3o complementos importantes \u00e0 renda dos trabalhadores. Na m\u00e9dia, os sal\u00e1rios no Brasil s\u00e3o muito menores do que nos pa\u00edses mais desenvolvidos. Outro ponto que deve ser considerado: h\u00e1 empresas que pagam at\u00e9 18 sal\u00e1rios para trabalhadores, como divis\u00e3o dos lucros que todos contribu\u00edram para ser alcan\u00e7ados. Se tem empresa que pode pagar at\u00e9 seis sal\u00e1rios extras poe ano, qual o problema do 13\u00ba?<\/p>\n<p>&nbsp;<\/p>\n<p>O 13\u00ba tamb\u00e9m \u00e9 vital para os quase 30 milh\u00f5es de aposentados e pensionistas do Instituto Nacional do Seguro Social (INSS), que recebem um sal\u00e1rio m\u00ednimo por m\u00eas. Para o general Mour\u00e3o e para o banqueiro Paulo Guedes, um adicional de R$ 954 n\u00e3o \u00e9 nada. Mas para essas pessoas mais pobres, o ganho extra faz muita diferen\u00e7a.<\/p>\n<p>&nbsp;<\/p>\n<p>Resta saber, agora, o quanto as declara\u00e7\u00f5es de Mour\u00e3o v\u00e3o impactar a campanha de Bolsonaro faltando 10 dias para as elei\u00e7\u00f5es. O capit\u00e3o reformado j\u00e1 parou de crescer nas pesquisas. A onda que o havia levado ao topo das inten\u00e7\u00f5es de votos parece ter se esgotado por completo.<\/p>\n<p>&nbsp;<\/p>\n<p><em>Bras\u00edlia, 14h24min<\/em><\/p>\n","protected":false},"excerpt":{"rendered":"<p>Se j\u00e1 havia um descontentamento de Jair Bolsonaro com as declara\u00e7\u00f5es desastrosas de seu vice, o general Mour\u00e3o, e de seu conselheiro econ\u00f4mico, o &#8220;Posto Ipiranga&#8221; Paulo Guedes, o quadro piorou muito depois que o capit\u00e3o reformado tomou conhecimento das cr\u00edticas de Mour\u00e3o ao 13\u00ba sal\u00e1rio e \u00e0s f\u00e9rias de trabalhadores. Para Bolsonaro, Mour\u00e3o tocou [&hellip;]<\/p>\n","protected":false},"author":22,"featured_media":0,"comment_status":"open","ping_status":"closed","sticky":false,"template":"","format":"standard","meta":{"footnotes":""},"categories":[600],"tags":[],"class_list":["post-9247","post","type-post","status-publish","format-standard","hentry","category-economia"],"_links":{"self":[{"href":"https:\/\/blogs.correiobraziliense.com.br\/vicente\/wp-json\/wp\/v2\/posts\/9247","targetHints":{"allow":["GET"]}}],"collection":[{"href":"https:\/\/blogs.correiobraziliense.com.br\/vicente\/wp-json\/wp\/v2\/posts"}],"about":[{"href":"https:\/\/blogs.correiobraziliense.com.br\/vicente\/wp-json\/wp\/v2\/types\/post"}],"author":[{"embeddable":true,"href":"https:\/\/blogs.correiobraziliense.com.br\/vicente\/wp-json\/wp\/v2\/users\/22"}],"replies":[{"embeddable":true,"href":"https:\/\/blogs.correiobraziliense.com.br\/vicente\/wp-json\/wp\/v2\/comments?post=9247"}],"version-history":[{"count":1,"href":"https:\/\/blogs.correiobraziliense.com.br\/vicente\/wp-json\/wp\/v2\/posts\/9247\/revisions"}],"predecessor-version":[{"id":9248,"href":"https:\/\/blogs.correiobraziliense.com.br\/vicente\/wp-json\/wp\/v2\/posts\/9247\/revisions\/9248"}],"wp:attachment":[{"href":"https:\/\/blogs.correiobraziliense.com.br\/vicente\/wp-json\/wp\/v2\/media?parent=9247"}],"wp:term":[{"taxonomy":"category","embeddable":true,"href":"https:\/\/blogs.correiobraziliense.com.br\/vicente\/wp-json\/wp\/v2\/categories?post=9247"},{"taxonomy":"post_tag","embeddable":true,"href":"https:\/\/blogs.correiobraziliense.com.br\/vicente\/wp-json\/wp\/v2\/tags?post=9247"}],"curies":[{"name":"wp","href":"https:\/\/api.w.org\/{rel}","templated":true}]}}