{"id":924,"date":"2016-05-10T11:38:22","date_gmt":"2016-05-10T14:38:22","guid":{"rendered":"https:\/\/blogs.correiobraziliense.com.br\/vicente\/?p=924"},"modified":"2016-05-10T11:38:22","modified_gmt":"2016-05-10T14:38:22","slug":"comunicacao-suspeita-na-fazenda","status":"publish","type":"post","link":"https:\/\/blogs.correiobraziliense.com.br\/vicente\/comunicacao-suspeita-na-fazenda\/","title":{"rendered":"COMUNICA\u00c7\u00c3O SUSPEITA NA FAZENDA"},"content":{"rendered":"<p>\u00bb T\u00e9cnicos do Minist\u00e9rio da Fazenda andam se perguntando como Henrique Meirelles, que pode ocupar o comando da pasta a partir de sexta-feira se o impeachment de Dilma for aprovado no Senado, vai lidar com sua comunica\u00e7\u00e3o. As recentes experi\u00eancias de se contratar uma empresa de fora para cuidar da imagem do minist\u00e9rio foram desastrosas.<\/p>\n<p>&nbsp;<\/p>\n<p><strong>P\u00e1ginas policiais<\/strong><\/p>\n<p>&nbsp;<\/p>\n<p>\u00bb Com Guido Mantega, descobriu-se que a vencedora de uma licita\u00e7\u00e3o viciada pagava propina para garantir o contrato. O caso foi t\u00e3o rumoroso que acabou investigado pela Pol\u00edcia Federal. Joaquim Levy tentou de todas as formas refazer a licita\u00e7\u00e3o, por R$ 7 milh\u00f5es, mas nenhum servidor da Fazenda quis levar o processo adiante.<\/p>\n<p>&nbsp;<\/p>\n<p><em>Bras\u00edlia, 11h38min<\/em><\/p>\n","protected":false},"excerpt":{"rendered":"<p>\u00bb T\u00e9cnicos do Minist\u00e9rio da Fazenda andam se perguntando como Henrique Meirelles, que pode ocupar o comando da pasta a partir de sexta-feira se o impeachment de Dilma for aprovado no Senado, vai lidar com sua comunica\u00e7\u00e3o. As recentes experi\u00eancias de se contratar uma empresa de fora para cuidar da imagem do minist\u00e9rio foram desastrosas. [&hellip;]<\/p>\n","protected":false},"author":22,"featured_media":0,"comment_status":"open","ping_status":"closed","sticky":false,"template":"","format":"standard","meta":{"footnotes":""},"categories":[1],"tags":[],"class_list":["post-924","post","type-post","status-publish","format-standard","hentry","category-sem-categoria"],"_links":{"self":[{"href":"https:\/\/blogs.correiobraziliense.com.br\/vicente\/wp-json\/wp\/v2\/posts\/924","targetHints":{"allow":["GET"]}}],"collection":[{"href":"https:\/\/blogs.correiobraziliense.com.br\/vicente\/wp-json\/wp\/v2\/posts"}],"about":[{"href":"https:\/\/blogs.correiobraziliense.com.br\/vicente\/wp-json\/wp\/v2\/types\/post"}],"author":[{"embeddable":true,"href":"https:\/\/blogs.correiobraziliense.com.br\/vicente\/wp-json\/wp\/v2\/users\/22"}],"replies":[{"embeddable":true,"href":"https:\/\/blogs.correiobraziliense.com.br\/vicente\/wp-json\/wp\/v2\/comments?post=924"}],"version-history":[{"count":1,"href":"https:\/\/blogs.correiobraziliense.com.br\/vicente\/wp-json\/wp\/v2\/posts\/924\/revisions"}],"predecessor-version":[{"id":925,"href":"https:\/\/blogs.correiobraziliense.com.br\/vicente\/wp-json\/wp\/v2\/posts\/924\/revisions\/925"}],"wp:attachment":[{"href":"https:\/\/blogs.correiobraziliense.com.br\/vicente\/wp-json\/wp\/v2\/media?parent=924"}],"wp:term":[{"taxonomy":"category","embeddable":true,"href":"https:\/\/blogs.correiobraziliense.com.br\/vicente\/wp-json\/wp\/v2\/categories?post=924"},{"taxonomy":"post_tag","embeddable":true,"href":"https:\/\/blogs.correiobraziliense.com.br\/vicente\/wp-json\/wp\/v2\/tags?post=924"}],"curies":[{"name":"wp","href":"https:\/\/api.w.org\/{rel}","templated":true}]}}