{"id":9236,"date":"2018-09-25T15:34:02","date_gmt":"2018-09-25T18:34:02","guid":{"rendered":"https:\/\/blogs.correiobraziliense.com.br\/vicente\/?p=9236"},"modified":"2018-09-25T15:44:14","modified_gmt":"2018-09-25T18:44:14","slug":"inss-vende-sete-de-oito-imoveis-funcionais-por-r-59-milhoes","status":"publish","type":"post","link":"https:\/\/blogs.correiobraziliense.com.br\/vicente\/inss-vende-sete-de-oito-imoveis-funcionais-por-r-59-milhoes\/","title":{"rendered":"INSS vende sete de oito im\u00f3veis funcionais por R$ 5,9 milh\u00f5es"},"content":{"rendered":"<h2>O Instituto Nacional do Seguro Social (INSS) leiloou sete dos oito im\u00f3veis colocados \u00e0 venda nesta ter\u00e7a-feira (25\/9). A arrecada\u00e7\u00e3o foi de R$ 5,9 milh\u00f5es. Eram sete apartamentos e uma casa que eram avaliados entre R$ 565 mil e R$ 1,35 milh\u00e3o.<\/h2>\n<p>&nbsp;<\/p>\n<p>Apenas a casa, localizada em Ceil\u00e2ndia, n\u00e3o foi vendida. O maior lance foi de R$ 1,4 milh\u00e3o, para um apartamento localizado na 310 da Asa Norte.<\/p>\n<p>&nbsp;<\/p>\n<p>Somando todas as avalia\u00e7\u00f5es de pre\u00e7os, a autarquia poderia arrecadar R$ 6,9 milh\u00f5es. Os im\u00f3veis variam de 60m\u00b2 a 196 m\u00b2. Segundo apurou o Blog, o im\u00f3vel n\u00e3o arrematado foi retirado do leil\u00e3o por conta de pend\u00eancias na documenta\u00e7\u00e3o. A casa poder\u00e1 voltar a ser vendida nas pr\u00f3ximas etapas.<\/p>\n<p>&nbsp;<\/p>\n<p><strong>Confira o resultado: <\/strong><\/p>\n<p>&nbsp;<\/p>\n<p>QNM 17, Conjunto H (60 m\u00b2)<\/p>\n<p>Avaliado em R$ 709 mil<\/p>\n<p>Resultado: n\u00e3o foi vendido<\/p>\n<p>&nbsp;<\/p>\n<p>AOS 04, Bloco D (74 m\u00b2)<\/p>\n<p>Avaliado em R$ 565 mil<\/p>\n<p>Resultado: vendido por R$ 510 mil<\/p>\n<p>&nbsp;<\/p>\n<p>AOS 04, Bloco D (97 m\u00b2)<\/p>\n<p>Avaliado em R$ 752 mil<\/p>\n<p>Resultado vendido por R$ 702 mil<\/p>\n<p>&nbsp;<\/p>\n<p>SQS 207, Bloco D (163 m\u00b2)<\/p>\n<p>Avaliado em R$ 1,357 milh\u00e3o<\/p>\n<p>Resultado: vendido por R$ 1,310 milh\u00e3o<\/p>\n<p>&nbsp;<\/p>\n<p>SQN 310, Bloco D (196 m\u00b2)<\/p>\n<p>Avaliado em R$ 1,285 milh\u00e3o<\/p>\n<p>Resultado: vendido por R$ 1,405 milh\u00e3o<\/p>\n<p>&nbsp;<\/p>\n<p>SQN 310, Bloco M (84 m\u00b2)<\/p>\n<p>Avaliado em R$ 740 mil<\/p>\n<p>Resultado: vendido por R$ 645 mil<\/p>\n<p>&nbsp;<\/p>\n<p>SQN 310, Bloco M (84 m\u00b2)<\/p>\n<p>Avaliado em R$ 740 mil<\/p>\n<p>Resultado: vendido por R$ 660 mil<\/p>\n<p>&nbsp;<\/p>\n<p>SQN 310, Bloco M (84 m\u00b2)<\/p>\n<p>Avaliado em R$ 740 mil<\/p>\n<p>Resultado: vendido por R$ 670 mil<\/p>\n<p>&nbsp;<\/p>\n<p><strong>Total avaliado: R$ 6,8 milh\u00f5es <\/strong><\/p>\n<p><strong>Total vendido: R$ 5,9 milh\u00f5es<\/strong><\/p>\n<p>&nbsp;<\/p>\n<p><em>Bras\u00edlia, 15h31 min<\/em><\/p>\n","protected":false},"excerpt":{"rendered":"<p>O Instituto Nacional do Seguro Social (INSS) leiloou sete dos oito im\u00f3veis colocados \u00e0 venda nesta ter\u00e7a-feira (25\/9). A arrecada\u00e7\u00e3o foi de R$ 5,9 milh\u00f5es. Eram sete apartamentos e uma casa que eram avaliados entre R$ 565 mil e R$ 1,35 milh\u00e3o. &nbsp; Apenas a casa, localizada em Ceil\u00e2ndia, n\u00e3o foi vendida. O maior lance [&hellip;]<\/p>\n","protected":false},"author":22,"featured_media":0,"comment_status":"open","ping_status":"closed","sticky":false,"template":"","format":"standard","meta":{"footnotes":""},"categories":[600],"tags":[3620,1554,408,2758,2768],"class_list":["post-9236","post","type-post","status-publish","format-standard","hentry","category-economia","tag-funcionais","tag-imoveis","tag-inss","tag-leilao","tag-venda"],"_links":{"self":[{"href":"https:\/\/blogs.correiobraziliense.com.br\/vicente\/wp-json\/wp\/v2\/posts\/9236","targetHints":{"allow":["GET"]}}],"collection":[{"href":"https:\/\/blogs.correiobraziliense.com.br\/vicente\/wp-json\/wp\/v2\/posts"}],"about":[{"href":"https:\/\/blogs.correiobraziliense.com.br\/vicente\/wp-json\/wp\/v2\/types\/post"}],"author":[{"embeddable":true,"href":"https:\/\/blogs.correiobraziliense.com.br\/vicente\/wp-json\/wp\/v2\/users\/22"}],"replies":[{"embeddable":true,"href":"https:\/\/blogs.correiobraziliense.com.br\/vicente\/wp-json\/wp\/v2\/comments?post=9236"}],"version-history":[{"count":3,"href":"https:\/\/blogs.correiobraziliense.com.br\/vicente\/wp-json\/wp\/v2\/posts\/9236\/revisions"}],"predecessor-version":[{"id":9239,"href":"https:\/\/blogs.correiobraziliense.com.br\/vicente\/wp-json\/wp\/v2\/posts\/9236\/revisions\/9239"}],"wp:attachment":[{"href":"https:\/\/blogs.correiobraziliense.com.br\/vicente\/wp-json\/wp\/v2\/media?parent=9236"}],"wp:term":[{"taxonomy":"category","embeddable":true,"href":"https:\/\/blogs.correiobraziliense.com.br\/vicente\/wp-json\/wp\/v2\/categories?post=9236"},{"taxonomy":"post_tag","embeddable":true,"href":"https:\/\/blogs.correiobraziliense.com.br\/vicente\/wp-json\/wp\/v2\/tags?post=9236"}],"curies":[{"name":"wp","href":"https:\/\/api.w.org\/{rel}","templated":true}]}}