{"id":9231,"date":"2018-09-25T12:52:23","date_gmt":"2018-09-25T15:52:23","guid":{"rendered":"https:\/\/blogs.correiobraziliense.com.br\/vicente\/?p=9231"},"modified":"2018-09-25T12:55:11","modified_gmt":"2018-09-25T15:55:11","slug":"preco-do-minuto-do-celular-cai-7-em-12-meses","status":"publish","type":"post","link":"https:\/\/blogs.correiobraziliense.com.br\/vicente\/preco-do-minuto-do-celular-cai-7-em-12-meses\/","title":{"rendered":"Pre\u00e7o do minuto do celular cai 7% em 12 meses"},"content":{"rendered":"<p><span style=\"font-weight: 400\">Por Simone Kafruni<\/span><\/p>\n<p>&nbsp;<\/p>\n<p><span style=\"font-weight: 400\">Ao contr\u00e1rio de outros servi\u00e7os, como energia el\u00e9trica, \u00e1gua e esgoto e correios, que aplicaram elevados reajustes, o setor de telecomunica\u00e7\u00f5es tem registrado quedas sucessivas de pre\u00e7os. Reflexo da competi\u00e7\u00e3o e de investimentos, o valor do minuto do celular no Brasil caiu 7% nos \u00faltimos 12 meses, chegando a R$ 0,08, com impostos, no fim do primeiro semestre de 2018, segundo levantamento da consultoria Teleco. Sem tributos, o pre\u00e7o do minuto de celular \u00e9 de R$ \u00a00,06.<\/span><\/p>\n<p>&nbsp;<\/p>\n<p><span style=\"font-weight: 400\">Nos \u00faltimos cinco anos, o minuto do celular, no Brasil, caiu 42%, passando de R$ 0,15 para\u00a0<\/span><span style=\"font-weight: 400\">R$ 0,09, enquanto o pre\u00e7o da telefonia fixa teve redu\u00e7\u00e3o de 15%. Na banda larga fixa, o\u00a0<\/span><span style=\"font-weight: 400\">valor m\u00e9dio mensal por 1MB caiu 44%, passando de R$ 8,21 para R$ 4,62, segundo dados da\u00a0<\/span><span style=\"font-weight: 400\">Ag\u00eancia Nacional de Telecomunica\u00e7\u00f5es (Anatel).<\/span><\/p>\n<p>&nbsp;<\/p>\n<p><span style=\"font-weight: 400\">A maioria dos servi\u00e7os, no caminho inverso, apresentou aumento de pre\u00e7o, em muitos casos acima de 50%. Isso sem considerar os recentes aumentos de 30% da energia el\u00e9trica, que ser\u00e3o aplicados ainda neste ano. Nesse per\u00edodo, a infla\u00e7\u00e3o oficial medida pelo \u00cdndice de Pre\u00e7os ao Consumidor Amplo (IPCA) foi de 36,%. <\/span><\/p>\n<p>&nbsp;<\/p>\n<p><span style=\"font-weight: 400\">Conforme a Associa\u00e7\u00e3o Brasileira de Telecomunica\u00e7\u00f5es (Telebrasil), a queda \u00e9 fruto de uma intensa competi\u00e7\u00e3o entre as empresas e elevados investimentos feitos pelo setor, de cerca de R$ 28 bilh\u00f5es ao ano, que permitiram a expans\u00e3o das redes e a possibilidade de acesso a um n\u00famero cada vez maior de brasileiros. &#8220;<\/span><span style=\"font-weight: 400\">O pa\u00eds precisa, neste momento, retomar sua capacidade produtiva e competitiva\u00a0<\/span><span style=\"font-weight: 400\">e as telecomunica\u00e7\u00f5es, por sua essencialidade e transversalidade, pode ser o motor\u00a0<\/span><span style=\"font-weight: 400\">desse desenvolvimento econ\u00f4mico e da gera\u00e7\u00e3o de renda\u201d, afirma.\u00a0<\/span><\/p>\n<p>&nbsp;<\/p>\n<p><span style=\"font-weight: 400\">A associa\u00e7\u00e3o defende que as telecomunica\u00e7\u00f5es sejam prioridade nas pol\u00edticas p\u00fablicas, permitindo a utiliza\u00e7\u00e3o dos fundos setoriais, entre eles o Fundo de Universaliza\u00e7\u00e3o das Telecomunica\u00e7\u00f5es (Fust), na expans\u00e3o dos servi\u00e7os e na inser\u00e7\u00e3o dos brasileiros ainda exclu\u00eddos. \u201c\u00c9 urgente tamb\u00e9m a atualiza\u00e7\u00e3o do marco regulat\u00f3rio do setor, para permitir a aplica\u00e7\u00e3o de investimentos em servi\u00e7os realmente demandados pela popula\u00e7\u00e3o, como a banda larga.\u201d<\/span><span style=\"font-weight: 400\"><br \/>\n<\/span><\/p>\n","protected":false},"excerpt":{"rendered":"<p>Por Simone Kafruni &nbsp; Ao contr\u00e1rio de outros servi\u00e7os, como energia el\u00e9trica, \u00e1gua e esgoto e correios, que aplicaram elevados reajustes, o setor de telecomunica\u00e7\u00f5es tem registrado quedas sucessivas de pre\u00e7os. Reflexo da competi\u00e7\u00e3o e de investimentos, o valor do minuto do celular no Brasil caiu 7% nos \u00faltimos 12 meses, chegando a R$ 0,08, [&hellip;]<\/p>\n","protected":false},"author":22,"featured_media":0,"comment_status":"open","ping_status":"closed","sticky":false,"template":"","format":"standard","meta":{"footnotes":""},"categories":[600],"tags":[],"class_list":["post-9231","post","type-post","status-publish","format-standard","hentry","category-economia"],"_links":{"self":[{"href":"https:\/\/blogs.correiobraziliense.com.br\/vicente\/wp-json\/wp\/v2\/posts\/9231","targetHints":{"allow":["GET"]}}],"collection":[{"href":"https:\/\/blogs.correiobraziliense.com.br\/vicente\/wp-json\/wp\/v2\/posts"}],"about":[{"href":"https:\/\/blogs.correiobraziliense.com.br\/vicente\/wp-json\/wp\/v2\/types\/post"}],"author":[{"embeddable":true,"href":"https:\/\/blogs.correiobraziliense.com.br\/vicente\/wp-json\/wp\/v2\/users\/22"}],"replies":[{"embeddable":true,"href":"https:\/\/blogs.correiobraziliense.com.br\/vicente\/wp-json\/wp\/v2\/comments?post=9231"}],"version-history":[{"count":3,"href":"https:\/\/blogs.correiobraziliense.com.br\/vicente\/wp-json\/wp\/v2\/posts\/9231\/revisions"}],"predecessor-version":[{"id":9234,"href":"https:\/\/blogs.correiobraziliense.com.br\/vicente\/wp-json\/wp\/v2\/posts\/9231\/revisions\/9234"}],"wp:attachment":[{"href":"https:\/\/blogs.correiobraziliense.com.br\/vicente\/wp-json\/wp\/v2\/media?parent=9231"}],"wp:term":[{"taxonomy":"category","embeddable":true,"href":"https:\/\/blogs.correiobraziliense.com.br\/vicente\/wp-json\/wp\/v2\/categories?post=9231"},{"taxonomy":"post_tag","embeddable":true,"href":"https:\/\/blogs.correiobraziliense.com.br\/vicente\/wp-json\/wp\/v2\/tags?post=9231"}],"curies":[{"name":"wp","href":"https:\/\/api.w.org\/{rel}","templated":true}]}}