{"id":9215,"date":"2018-09-24T12:04:15","date_gmt":"2018-09-24T15:04:15","guid":{"rendered":"https:\/\/blogs.correiobraziliense.com.br\/vicente\/?p=9215"},"modified":"2018-09-24T12:08:23","modified_gmt":"2018-09-24T15:08:23","slug":"gastos-com-viagens-para-o-exterior-tombam-com-alta-do-dolar-diz-bc","status":"publish","type":"post","link":"https:\/\/blogs.correiobraziliense.com.br\/vicente\/gastos-com-viagens-para-o-exterior-tombam-com-alta-do-dolar-diz-bc\/","title":{"rendered":"Gastos com viagens para o exterior tombam com alta do d\u00f3lar, diz BC"},"content":{"rendered":"<h2>HAMILTON FERRARI<\/h2>\n<h2><\/h2>\n<h2>O d\u00f3lar mais caro est\u00e1 limitando os gastos dos brasileiros no exterior. De acordo com o relat\u00f3rio de estat\u00edsticas do setor externo do Banco Central, os gastos com viagens somaram US$ 1,38 bilh\u00f5es em agosto, registrando uma queda de 20,8% em compara\u00e7\u00e3o com o mesmo m\u00eas de 2017. A tend\u00eancia deve continuar, segundo a autoridade monet\u00e1ria.<\/h2>\n<p>&nbsp;<\/p>\n<p>A diferen\u00e7a do custo do c\u00e2mbio entre os meses de agosto \u00e9 grande. Enquanto no ano passado a moeda norte-americana estava cotada, em m\u00e9dia, a R$ 3,15, passou para R$ 3,93, em m\u00e9dia, em agosto de 2018. A alta representa uma desvaloriza\u00e7\u00e3o cambial de 24,8%.<\/p>\n<p>&nbsp;<\/p>\n<p>\u201cNuma conta r\u00e1pida, se o d\u00f3lar passou de R$ 3,15 para R$ 3,93, ficou mais barato para o estrangeiro vir para o Brasil, ou seja, dever\u00edamos esperar um aumento da receitas de viagens (gasto de gringos no territ\u00f3rio brasileiro), e ficou mais caro para o brasileiro gastar no exterior. Ou seja, devemos verificar uma queda nas despesas\u201d, disse Fernando Sampaio Rocha, chefe do Departamento de Estat\u00edsticas da autoridade monet\u00e1ria.<\/p>\n<p>&nbsp;<\/p>\n<p>Foi exatamente isso que ocorreu em agosto deste ano. Comparando com o mesmo m\u00eas do ano passado, o custeio dos brasileiros nos outros pa\u00edses caiu de US$ 1,74 bilh\u00f5es para US$ 1,38 bilh\u00f5es. Os gastos dos gringos no Brasil passou de US$ 455 milh\u00f5es para US$ 482 milh\u00f5es.<\/p>\n<p>&nbsp;<\/p>\n<p>Com o d\u00f3lar alto, o brasileiro v\u00ea o custo da viagem para fora mais salgada e rev\u00ea as despesas. \u201cEm geral, ocorre um adiamento dessas compras ou da pr\u00f3pria viagem. Ou, ent\u00e3o, uma redu\u00e7\u00e3o dos gastos pretendidos,\u00a0redu\u00e7\u00e3o da\u00a0dura\u00e7\u00e3o da viagem, ou, eventualmente, acaba cancelando a viagem. Nesses tr\u00eas casos, isso afeta diretamente a conta de despesas\u201d, declarou Rocha.<\/p>\n<p>&nbsp;<\/p>\n<p>Os menores gastos dos brasileiros no exterior deve continuar em setembro. Segundo Rocha, at\u00e9 o dia 20 deste m\u00eas, foram gastos US$ 557 milh\u00f5es l\u00edquidas com viagens fora do pa\u00eds. \u201cSe fizermos uma regra de tr\u00eas simples, esse n\u00famero vai para apontar para um valor abaixo neste m\u00eas, mostrando uma continuidade dessa tend\u00eancia, j\u00e1 que, no m\u00eas de setembro houve maior desvaloriza\u00e7\u00e3o do real\u201d, disse o chefe do Departamento de Estat\u00edsticas do BC.<\/p>\n<p>&nbsp;<\/p>\n<p>Em setembro, o d\u00f3lar chegou a ultrapassar R$ 4,20. A moeda est\u00e1 sendo cotada a R$ 4,06 nesta segunda-feira (24\/9).<\/p>\n<p>&nbsp;<\/p>\n<p>No acumulado do ano, as despesas com viagens ainda tem um crescimento de 2,1%, saindo de US$ 12,4 bilh\u00f5es para US$ 12,6 bilh\u00f5es. Mas, seguindo a tend\u00eancia, este ganho est\u00e1 ficando cada m\u00eas menor, ressaltou Rocha.<\/p>\n<p>&nbsp;<\/p>\n<p><strong>Contas externas<\/strong><\/p>\n<p>&nbsp;<\/p>\n<p>Em agosto, o relat\u00f3rio de estat\u00edsticas do setor externo do Banco Central tamb\u00e9m mostrou que as transa\u00e7\u00f5es correntes de agosto registraram d\u00e9ficit de US$ 717 milh\u00f5es, o que representa uma melhora em compara\u00e7\u00e3o com o mesmo m\u00eas de 2017, quando marcou d\u00e9ficit de US$ 320 bilh\u00f5es. No acumulado de 12 meses, acumulou perdas de US$ 15,5 bilh\u00f5es, o que corresponde a 0,8% do Produto Interno Bruto (PIB). Os dados foram divulgados na manh\u00e3 desta segunda-feira (24\/9) pelo Banco Central.<\/p>\n<p>&nbsp;<\/p>\n<p>A conta de transa\u00e7\u00f5es correntes \u00e9 formada por tr\u00eas elementos: a balan\u00e7a comercial, que representa o com\u00e9rcio de produtos entre o Brasil e outros pa\u00edses, pelos servi\u00e7os adquiridos por brasileiros no exterior) e pelas rendas (prim\u00e1rias e secund\u00e1rias), que engloba remessas de juros, lucros e dividendos do Brasil para o exterior.<\/p>\n<p>&nbsp;<\/p>\n<p>A balan\u00e7a comercial registrou super\u00e1vit de US$ 3,4 bilh\u00f5es. As importa\u00e7\u00f5es somaram US$ 19,1 bilh\u00f5es, contra US$ 22,4 bilh\u00f5es das exporta\u00e7\u00f5es. O resultado mostrou que houve uma queda de US$ 2 bilh\u00f5es em rela\u00e7\u00e3o a agosto de 2017. De acordo com o Banco Central, isso foi poss\u00edvel depois de um volume 35,7% maior de importa\u00e7\u00f5es de bens.<\/p>\n<p>&nbsp;<\/p>\n<p>O relat\u00f3rio tamb\u00e9m mostrou que os servi\u00e7os adquiridos pelos brasileiros no exterior atingiu US$ 2,7 bilh\u00f5es em agosto, o que representa uma queda de 6,1% em compara\u00e7\u00e3o com o mesmo m\u00eas do ano passado. Concluindo as transa\u00e7\u00f5es correntes, a renda prim\u00e1ria recuou 44,4% na compara\u00e7\u00e3o interanual, somando US$ 1,6 bilh\u00f5es. A renda secund\u00e1ria marcou US$ 267 milh\u00f5es.<\/p>\n<p>&nbsp;<\/p>\n<p><strong>Transa\u00e7\u00f5es correntes: <\/strong><\/p>\n<p>Balan\u00e7a Comercial: super\u00e1vit de US$ 3,4 bilh\u00f5es<br \/>\nServi\u00e7os: d\u00e9ficit de US$ 2,7 bilh\u00f5es<br \/>\nRendas: d\u00e9ficit de US$ 1,8 bilh\u00f5es<br \/>\nResultado final: d\u00e9ficit de US$ 717 milh\u00f5es<\/p>\n<p>&nbsp;<\/p>\n<p>O estoque de reservas internacionais atingiu US$ 391,4 bilh\u00f5es em agosto, com crescimento de US$ 1,9 bilh\u00e3o em rela\u00e7\u00e3o a julho. O montante equivale a 401,5% da d\u00edvida externa de curto prazo residual.<\/p>\n<p>&nbsp;<\/p>\n<p><em>Bras\u00edlia, 12h01min<\/em><\/p>\n","protected":false},"excerpt":{"rendered":"<p>HAMILTON FERRARI O d\u00f3lar mais caro est\u00e1 limitando os gastos dos brasileiros no exterior. De acordo com o relat\u00f3rio de estat\u00edsticas do setor externo do Banco Central, os gastos com viagens somaram US$ 1,38 bilh\u00f5es em agosto, registrando uma queda de 20,8% em compara\u00e7\u00e3o com o mesmo m\u00eas de 2017. A tend\u00eancia deve continuar, segundo [&hellip;]<\/p>\n","protected":false},"author":22,"featured_media":0,"comment_status":"open","ping_status":"closed","sticky":false,"template":"","format":"standard","meta":{"footnotes":""},"categories":[600],"tags":[3,343,2799,3619,668],"class_list":["post-9215","post","type-post","status-publish","format-standard","hentry","category-economia","tag-banco-central","tag-dolar","tag-exterior","tag-gasto","tag-viagem"],"_links":{"self":[{"href":"https:\/\/blogs.correiobraziliense.com.br\/vicente\/wp-json\/wp\/v2\/posts\/9215","targetHints":{"allow":["GET"]}}],"collection":[{"href":"https:\/\/blogs.correiobraziliense.com.br\/vicente\/wp-json\/wp\/v2\/posts"}],"about":[{"href":"https:\/\/blogs.correiobraziliense.com.br\/vicente\/wp-json\/wp\/v2\/types\/post"}],"author":[{"embeddable":true,"href":"https:\/\/blogs.correiobraziliense.com.br\/vicente\/wp-json\/wp\/v2\/users\/22"}],"replies":[{"embeddable":true,"href":"https:\/\/blogs.correiobraziliense.com.br\/vicente\/wp-json\/wp\/v2\/comments?post=9215"}],"version-history":[{"count":4,"href":"https:\/\/blogs.correiobraziliense.com.br\/vicente\/wp-json\/wp\/v2\/posts\/9215\/revisions"}],"predecessor-version":[{"id":9219,"href":"https:\/\/blogs.correiobraziliense.com.br\/vicente\/wp-json\/wp\/v2\/posts\/9215\/revisions\/9219"}],"wp:attachment":[{"href":"https:\/\/blogs.correiobraziliense.com.br\/vicente\/wp-json\/wp\/v2\/media?parent=9215"}],"wp:term":[{"taxonomy":"category","embeddable":true,"href":"https:\/\/blogs.correiobraziliense.com.br\/vicente\/wp-json\/wp\/v2\/categories?post=9215"},{"taxonomy":"post_tag","embeddable":true,"href":"https:\/\/blogs.correiobraziliense.com.br\/vicente\/wp-json\/wp\/v2\/tags?post=9215"}],"curies":[{"name":"wp","href":"https:\/\/api.w.org\/{rel}","templated":true}]}}