{"id":9213,"date":"2018-09-24T10:20:03","date_gmt":"2018-09-24T13:20:03","guid":{"rendered":"https:\/\/blogs.correiobraziliense.com.br\/vicente\/?p=9213"},"modified":"2018-09-24T11:05:30","modified_gmt":"2018-09-24T14:05:30","slug":"inss-vai-transferir-38-mil-imoveis-para-uniao-avaliados-em-r-6-bi","status":"publish","type":"post","link":"https:\/\/blogs.correiobraziliense.com.br\/vicente\/inss-vai-transferir-38-mil-imoveis-para-uniao-avaliados-em-r-6-bi\/","title":{"rendered":"INSS vai transferir 3,8 mil im\u00f3veis para a Uni\u00e3o, avaliados em R$ 6 bi"},"content":{"rendered":"<h2>O governo editou hoje a Medida Provis\u00f3ria 852\/18, por meio da qual transfere 3,8 mil im\u00f3veis n\u00e3o operacionais do Instituto Nacional do Seguro Social (INSS) para a Uni\u00e3o. Os empreendimentos ser\u00e3o usados para reduzir a d\u00edvida que o Fundo do Regime Geral da Previd\u00eancia Social tem com o Tesouro Nacional. Pelos c\u00e1lculos de 2016, esses im\u00f3veis est\u00e3o avaliados em R$ 6 bilh\u00f5es.<\/h2>\n<p>&nbsp;<\/p>\n<p>Parte desses im\u00f3veis est\u00e1 alugada por \u00f3rg\u00e3os federais. Ao passarem a incorporar o patrim\u00f4nio da Uni\u00e3o, n\u00e3o ser\u00e1 mais necess\u00e1rio o pagamento de aluguel, uma economia e tanto, segundo t\u00e9cnicos do Minist\u00e9rio do Planejamento. Os im\u00f3veis que n\u00e3o est\u00e3o sendo usados pela Uni\u00e3o ser\u00e3o vendidos ou permutados.<\/p>\n<p>&nbsp;<\/p>\n<p>A MP tamb\u00e9m prev\u00ea a transfer\u00eancia para a Uni\u00e3o de im\u00f3veis que fazem parte de fundo que administra o esp\u00f3lio da extinta Rede Ferrovi\u00e1ria Federal (RFFSA). Eles est\u00e3o avaliados em R$ 1,4 bilh\u00e3o. Alguns im\u00f3veis ser\u00e3o usados para o programa Minha Casa Minha Vida. Outros ser\u00e3o regularizados para que os atuais ocupantes possam ter o t\u00edtulo de posse. Um exemplo \u00e9 Parque Hist\u00f3rico Guararapes, em Recife, onde vivem milhares de fam\u00edlias.<\/p>\n<p>&nbsp;<\/p>\n<p>O governo decidiu ainda facilitar a regulariza\u00e7\u00e3o de entidades esportivas que est\u00e3o em \u00e1reas da Uni\u00e3o. S\u00e3o 385 entidades, que ter\u00e3o 50% de desconto nas d\u00edvidas de R$ 13,7 milh\u00f5es que det\u00eam com \u00f3rg\u00e3os federais.<\/p>\n<p>&nbsp;<\/p>\n<p><em>Bras\u00edlia, 10h20min<\/em><\/p>\n","protected":false},"excerpt":{"rendered":"<p>O governo editou hoje a Medida Provis\u00f3ria 852\/18, por meio da qual transfere 3,8 mil im\u00f3veis n\u00e3o operacionais do Instituto Nacional do Seguro Social (INSS) para a Uni\u00e3o. Os empreendimentos ser\u00e3o usados para reduzir a d\u00edvida que o Fundo do Regime Geral da Previd\u00eancia Social tem com o Tesouro Nacional. Pelos c\u00e1lculos de 2016, esses [&hellip;]<\/p>\n","protected":false},"author":22,"featured_media":0,"comment_status":"open","ping_status":"closed","sticky":false,"template":"","format":"standard","meta":{"footnotes":""},"categories":[600],"tags":[],"class_list":["post-9213","post","type-post","status-publish","format-standard","hentry","category-economia"],"_links":{"self":[{"href":"https:\/\/blogs.correiobraziliense.com.br\/vicente\/wp-json\/wp\/v2\/posts\/9213","targetHints":{"allow":["GET"]}}],"collection":[{"href":"https:\/\/blogs.correiobraziliense.com.br\/vicente\/wp-json\/wp\/v2\/posts"}],"about":[{"href":"https:\/\/blogs.correiobraziliense.com.br\/vicente\/wp-json\/wp\/v2\/types\/post"}],"author":[{"embeddable":true,"href":"https:\/\/blogs.correiobraziliense.com.br\/vicente\/wp-json\/wp\/v2\/users\/22"}],"replies":[{"embeddable":true,"href":"https:\/\/blogs.correiobraziliense.com.br\/vicente\/wp-json\/wp\/v2\/comments?post=9213"}],"version-history":[{"count":1,"href":"https:\/\/blogs.correiobraziliense.com.br\/vicente\/wp-json\/wp\/v2\/posts\/9213\/revisions"}],"predecessor-version":[{"id":9214,"href":"https:\/\/blogs.correiobraziliense.com.br\/vicente\/wp-json\/wp\/v2\/posts\/9213\/revisions\/9214"}],"wp:attachment":[{"href":"https:\/\/blogs.correiobraziliense.com.br\/vicente\/wp-json\/wp\/v2\/media?parent=9213"}],"wp:term":[{"taxonomy":"category","embeddable":true,"href":"https:\/\/blogs.correiobraziliense.com.br\/vicente\/wp-json\/wp\/v2\/categories?post=9213"},{"taxonomy":"post_tag","embeddable":true,"href":"https:\/\/blogs.correiobraziliense.com.br\/vicente\/wp-json\/wp\/v2\/tags?post=9213"}],"curies":[{"name":"wp","href":"https:\/\/api.w.org\/{rel}","templated":true}]}}