{"id":9210,"date":"2018-09-21T22:43:33","date_gmt":"2018-09-22T01:43:33","guid":{"rendered":"https:\/\/blogs.correiobraziliense.com.br\/vicente\/?p=9210"},"modified":"2018-09-21T22:43:33","modified_gmt":"2018-09-22T01:43:33","slug":"bolsonaro-usara-redes-sociais-para-negar-cpmf","status":"publish","type":"post","link":"https:\/\/blogs.correiobraziliense.com.br\/vicente\/bolsonaro-usara-redes-sociais-para-negar-cpmf\/","title":{"rendered":"Bolsonaro usar\u00e1 redes sociais para negar CPMF"},"content":{"rendered":"<h2>GABRIELA VINHAL<\/h2>\n<h2><\/h2>\n<h2>Candidato \u00e0 Presid\u00eancia pelo PSL, Jair Bolsonaro, participou de uma reuni\u00e3o por telefone nesta sexta-feira (21\/9) com o assessor econ\u00f4mico Paulo Guedes e o filho, Carlos Bolsonaro, que tem comandado a campanha do pai durante o per\u00edodo de interna\u00e7\u00e3o. A confer\u00eancia serviu para alinhar o discurso do economista e tra\u00e7ar novas estrat\u00e9gias para a reta final das elei\u00e7\u00f5es.<\/h2>\n<p>&nbsp;<\/p>\n<p>Entre as medidas definidas para serem implementadas na semana que vem est\u00e1 a produ\u00e7\u00e3o de um material para a internet para desfazer o &#8220;mal-entendido&#8221; sobre o an\u00fancio da cria\u00e7\u00e3o de uma CPMF, imposto sobre a movimenta\u00e7\u00e3o financeira, que precisou ser desmentida por Bolsonaro de dentro do hospital.<\/p>\n<p>&nbsp;<\/p>\n<p>O objetivo \u00e9 explicar melhor a proposta econ\u00f4mica de Guedes e de Marcos Cintra, criador da proposta de reforma tribut\u00e1ria atrav\u00e9s do imposto \u00fanico. \u00c0 convite de Guedes, o economista est\u00e1 fazendo simula\u00e7\u00f5es para o eventual ministro da Fazenda de como seria a taxa\u00e7\u00e3o com al\u00edquotas diferentes.<\/p>\n<p>&nbsp;<\/p>\n<p>Na \u00faltima quarta-feira (19\/9), Paulo Guedes apresentou a proposta a um grupo de investidores, como mostrou a <em>Folha de S. Paulo<\/em>. No entanto, a medida n\u00e3o havia sido avaliada por Bolsonaro, o que causou um atrito entre os aliados.<\/p>\n<p>&nbsp;<\/p>\n<p><em>Bras\u00edlia, 22h39min<\/em><\/p>\n","protected":false},"excerpt":{"rendered":"<p>GABRIELA VINHAL Candidato \u00e0 Presid\u00eancia pelo PSL, Jair Bolsonaro, participou de uma reuni\u00e3o por telefone nesta sexta-feira (21\/9) com o assessor econ\u00f4mico Paulo Guedes e o filho, Carlos Bolsonaro, que tem comandado a campanha do pai durante o per\u00edodo de interna\u00e7\u00e3o. A confer\u00eancia serviu para alinhar o discurso do economista e tra\u00e7ar novas estrat\u00e9gias para [&hellip;]<\/p>\n","protected":false},"author":22,"featured_media":0,"comment_status":"open","ping_status":"closed","sticky":false,"template":"","format":"standard","meta":{"footnotes":""},"categories":[600],"tags":[2554,3617,3615,3616,2478,3618],"class_list":["post-9210","post","type-post","status-publish","format-standard","hentry","category-economia","tag-bolsonaro","tag-cintra","tag-cpmf","tag-guedes","tag-imposto","tag-tributo"],"_links":{"self":[{"href":"https:\/\/blogs.correiobraziliense.com.br\/vicente\/wp-json\/wp\/v2\/posts\/9210","targetHints":{"allow":["GET"]}}],"collection":[{"href":"https:\/\/blogs.correiobraziliense.com.br\/vicente\/wp-json\/wp\/v2\/posts"}],"about":[{"href":"https:\/\/blogs.correiobraziliense.com.br\/vicente\/wp-json\/wp\/v2\/types\/post"}],"author":[{"embeddable":true,"href":"https:\/\/blogs.correiobraziliense.com.br\/vicente\/wp-json\/wp\/v2\/users\/22"}],"replies":[{"embeddable":true,"href":"https:\/\/blogs.correiobraziliense.com.br\/vicente\/wp-json\/wp\/v2\/comments?post=9210"}],"version-history":[{"count":1,"href":"https:\/\/blogs.correiobraziliense.com.br\/vicente\/wp-json\/wp\/v2\/posts\/9210\/revisions"}],"predecessor-version":[{"id":9211,"href":"https:\/\/blogs.correiobraziliense.com.br\/vicente\/wp-json\/wp\/v2\/posts\/9210\/revisions\/9211"}],"wp:attachment":[{"href":"https:\/\/blogs.correiobraziliense.com.br\/vicente\/wp-json\/wp\/v2\/media?parent=9210"}],"wp:term":[{"taxonomy":"category","embeddable":true,"href":"https:\/\/blogs.correiobraziliense.com.br\/vicente\/wp-json\/wp\/v2\/categories?post=9210"},{"taxonomy":"post_tag","embeddable":true,"href":"https:\/\/blogs.correiobraziliense.com.br\/vicente\/wp-json\/wp\/v2\/tags?post=9210"}],"curies":[{"name":"wp","href":"https:\/\/api.w.org\/{rel}","templated":true}]}}