{"id":9208,"date":"2018-09-21T19:33:21","date_gmt":"2018-09-21T22:33:21","guid":{"rendered":"https:\/\/blogs.correiobraziliense.com.br\/vicente\/?p=9208"},"modified":"2018-09-21T19:58:40","modified_gmt":"2018-09-21T22:58:40","slug":"justica-mantem-paginas-contrarias-bolsonaro-no-ar","status":"publish","type":"post","link":"https:\/\/blogs.correiobraziliense.com.br\/vicente\/justica-mantem-paginas-contrarias-bolsonaro-no-ar\/","title":{"rendered":"Justi\u00e7a mant\u00e9m p\u00e1ginas contr\u00e1rias a Bolsonaro no ar"},"content":{"rendered":"<h2>ALESSANDRA AZEVEDO<\/h2>\n<h2><\/h2>\n<h2>O presidenci\u00e1vel Jair Bolsonaro (PSL) j\u00e1 tentou derrubar pelo menos 15 p\u00e1ginas contr\u00e1rias a ele ou \u00e0 sua candidatura no Facebook e foi derrotado em todas as tentativas. Os advogados do candidato entraram com a\u00e7\u00f5es no Tribunal Superior Eleitoral (TSE) para que a Corte retirasse do ar perfis com nomes como &#8220;Bolsolixo&#8221; e &#8220;Fora Bolsonaro&#8221;, mas nenhum dos pedidos foi concedido pela Justi\u00e7a, que os considerou improcedentes.<\/h2>\n<h2><\/h2>\n<p>A argumenta\u00e7\u00e3o dos representantes de Bolsonaro, em praticamente todos os pedidos, \u00e9 de que os perfis publicam conte\u00fados \u201cque agridem e difamam\u201d o deputado federal. As p\u00e1ginas, segundo os advogados, s\u00e3o criadas para \u201catacar a imagem do candidato\u201d e \u201cdesequilibrar a disputa eleitoral\u201d.<\/p>\n<p>&nbsp;<\/p>\n<p>O entendimento da Corte, no entanto, \u00e9 de que n\u00e3o h\u00e1 \u201cofensas, de forma particularizada, capazes de desequilibrar a disputa eleitoral\u201d ou que justifiquem a retirada das p\u00e1ginas do ar. Em algumas das decis\u00f5es, o ministro S\u00e9rgio Silveira Banhos lembrou ser \u201cnatural que pessoas p\u00fablicas, como o not\u00f3rio candidato, estejam mais expostas \u00e0 opini\u00e3o p\u00fablica, o que n\u00e3o revela, por si s\u00f3, viola\u00e7\u00e3o aos direitos da personalidade\u201d. Ele entende que \u201ca atua\u00e7\u00e3o da Justi\u00e7a Eleitoral em rela\u00e7\u00e3o a conte\u00fados divulgados na internet deve ser realizada com a menor interfer\u00eancia poss\u00edvel no debate democr\u00e1tico\u201d.<\/p>\n<p>&nbsp;<\/p>\n<p>Em uma das decis\u00f5es, o ministro afirmou que as publica\u00e7\u00f5es s\u00e3o \u201ccr\u00edticas formuladas de modo humor\u00edstico\u201d. Em rela\u00e7\u00e3o a outra p\u00e1gina, ele concluiu que acontece a simples divulga\u00e7\u00e3o de \u201cmateriais variados, de car\u00e1ter opinativo, humor\u00edstico e cr\u00edtico, dirigidos ao segundo representante, mas tamb\u00e9m a outros candidatos \u00e0 Presid\u00eancia da Rep\u00fablica\u201d. No conjunto, Banhos n\u00e3o identificou postagens potencialmente lesivas \u00e0 honra de Bolsonaro.<\/p>\n<p>&nbsp;<\/p>\n<p><em>Bras\u00edlia, 19h33min<\/em><\/p>\n","protected":false},"excerpt":{"rendered":"<p>ALESSANDRA AZEVEDO O presidenci\u00e1vel Jair Bolsonaro (PSL) j\u00e1 tentou derrubar pelo menos 15 p\u00e1ginas contr\u00e1rias a ele ou \u00e0 sua candidatura no Facebook e foi derrotado em todas as tentativas. Os advogados do candidato entraram com a\u00e7\u00f5es no Tribunal Superior Eleitoral (TSE) para que a Corte retirasse do ar perfis com nomes como &#8220;Bolsolixo&#8221; e [&hellip;]<\/p>\n","protected":false},"author":22,"featured_media":0,"comment_status":"open","ping_status":"closed","sticky":false,"template":"","format":"standard","meta":{"footnotes":""},"categories":[600],"tags":[],"class_list":["post-9208","post","type-post","status-publish","format-standard","hentry","category-economia"],"_links":{"self":[{"href":"https:\/\/blogs.correiobraziliense.com.br\/vicente\/wp-json\/wp\/v2\/posts\/9208","targetHints":{"allow":["GET"]}}],"collection":[{"href":"https:\/\/blogs.correiobraziliense.com.br\/vicente\/wp-json\/wp\/v2\/posts"}],"about":[{"href":"https:\/\/blogs.correiobraziliense.com.br\/vicente\/wp-json\/wp\/v2\/types\/post"}],"author":[{"embeddable":true,"href":"https:\/\/blogs.correiobraziliense.com.br\/vicente\/wp-json\/wp\/v2\/users\/22"}],"replies":[{"embeddable":true,"href":"https:\/\/blogs.correiobraziliense.com.br\/vicente\/wp-json\/wp\/v2\/comments?post=9208"}],"version-history":[{"count":1,"href":"https:\/\/blogs.correiobraziliense.com.br\/vicente\/wp-json\/wp\/v2\/posts\/9208\/revisions"}],"predecessor-version":[{"id":9209,"href":"https:\/\/blogs.correiobraziliense.com.br\/vicente\/wp-json\/wp\/v2\/posts\/9208\/revisions\/9209"}],"wp:attachment":[{"href":"https:\/\/blogs.correiobraziliense.com.br\/vicente\/wp-json\/wp\/v2\/media?parent=9208"}],"wp:term":[{"taxonomy":"category","embeddable":true,"href":"https:\/\/blogs.correiobraziliense.com.br\/vicente\/wp-json\/wp\/v2\/categories?post=9208"},{"taxonomy":"post_tag","embeddable":true,"href":"https:\/\/blogs.correiobraziliense.com.br\/vicente\/wp-json\/wp\/v2\/tags?post=9208"}],"curies":[{"name":"wp","href":"https:\/\/api.w.org\/{rel}","templated":true}]}}