{"id":9206,"date":"2018-09-21T15:10:10","date_gmt":"2018-09-21T18:10:10","guid":{"rendered":"https:\/\/blogs.correiobraziliense.com.br\/vicente\/?p=9206"},"modified":"2018-09-21T16:16:47","modified_gmt":"2018-09-21T19:16:47","slug":"planalto-deve-nomear-thiago-botelho-para-ouvidoria-da-anatel","status":"publish","type":"post","link":"https:\/\/blogs.correiobraziliense.com.br\/vicente\/planalto-deve-nomear-thiago-botelho-para-ouvidoria-da-anatel\/","title":{"rendered":"Planalto deve nomear Thiago Botelho para a Ouvidoria da Anatel"},"content":{"rendered":"<h2>Se nada mudar no meio do caminho, Thiago Botelho, especialista em regula\u00e7\u00e3o da Ag\u00eancia Nacional de Telecomunica\u00e7\u00f5es (Anatel), ser\u00e1 nomeado ouvidor do \u00f3rg\u00e3o. Ele tem o apoio do MDB. Segundo interlocutores do Pal\u00e1cio do Planalto, o presidente Michel Temer j\u00e1 bateu o martelo.<\/h2>\n<p>&nbsp;<\/p>\n<p>O cargo de ouvidor, mesmo sendo extremamente t\u00e9cnico, provocou uma grande disputa nos bastidores do governo. V\u00e1rios interessados sa\u00edram em busca de apoio pol\u00edtico para garantir a fun\u00e7\u00e3o. Temer optou por um nome de dentro da ag\u00eancia para tentar conter a base aliada.<\/p>\n<p>&nbsp;<\/p>\n<p>Em nota enviada ao <strong>Blog<\/strong>, Thiago diz que \u00e9 concursado da Anatel h\u00e1 11 anos e que teve a honra de ocupar diversos cargos de gest\u00e3o no \u00f3rg\u00e3o, inclusive a Superintend\u00eancia de Fiscaliza\u00e7\u00e3o e Radiofrequ\u00eancia. &#8220;Em agosto deste ano, o Conselho Diretor da Anatel confirmou uma multa de R$ 30 milh\u00f5es ao Grupo Telef\u00f4nica. Quem iniciou esse processo e aplicou a primeira multa fui eu, quando ocupei a ger\u00eancia-geral de Fiscaliza\u00e7\u00e3o&#8221;, diz.<\/p>\n<p>&nbsp;<\/p>\n<p>Atualmente, Thiago ocupa o cargo de assessor parlamentar da Ag\u00eancia Nacional do Cinema (Ancine), o que, segundo ele, lhe &#8220;permitiu construir uma boa rela\u00e7\u00e3o com diversos parlamentares, n\u00e3o apenas com os do MDB&#8221;. Ele ressalta que, neste m\u00eas,\u00a0encerra seu mandato como presidente da Associa\u00e7\u00e3o Nacional dos Servidores das Ag\u00eancias Reguladoras. A entidade representa os servidores de 10 ag\u00eancias reguladoras, al\u00e9m de fazer a defesa das boas pr\u00e1ticas regulat\u00f3rias. &#8220;Eu poderia ter disputado uma recondu\u00e7\u00e3o, mas n\u00e3o quis&#8221;, frisa.<\/p>\n<p>&nbsp;<\/p>\n<p>Thiago \u00e9 enf\u00e1tico: &#8220;Por tudo isso, acredito que tenho curr\u00edculo e compet\u00eancia para desempenhar qualquer cargo dentro da Anatel, inclusive o cargo de ouvidor. Se, por acaso, tiver a honra de ser nomeado pelo presidente Michel Temer, certamente os consumidores n\u00e3o ficar\u00e3o desamparados, muito menos as empresas ter\u00e3o carta branca para fazerem o que quiserem. E tenho um hist\u00f3rico para provar isso&#8221;, garante.<\/p>\n<p>&nbsp;<\/p>\n<p>O servidor afirma que, a despeito do trabalho adequado que foi desempenhado pela atual ouvidora, Am\u00e9lia Alves, a ocupa\u00e7\u00e3o dos cargos das ag\u00eancias reguladoras \u00e9 uma pauta antiga dos servidores concursados. &#8220;N\u00f3s somos os verdadeiros t\u00e9cnicos. N\u00f3s que somos perenes e cuidamos melhor do que ningu\u00e9m da nossa casa&#8221;, diz.<\/p>\n<p>&nbsp;<\/p>\n<p>Historicamente, destaca Thiago, o cargo de ouvidor da Anatel tem sido ocupado por indica\u00e7\u00f5es pol\u00edticas. &#8220;Acreditamos que, finalmente, chegou a hora de um t\u00e9cnico da carreira de especialista em regula\u00e7\u00e3o da Anatel ser ouvidor da Ag\u00eancia Nacional de Telecomunica\u00e7\u00f5es. Al\u00e9m disso, \u00e9 hist\u00f3rica a nossa luta contra o instrumento da recondu\u00e7\u00e3o. Defendemos a troca dos ocupantes dos cargos comissionados ao fim de seus mandatos, n\u00e3o podemos ser apegados aos cargos. Mandatos s\u00e3o para serem cumpridos, a institui\u00e7\u00e3o precisa se renovar&#8221;, acrescenta.<\/p>\n<p>&nbsp;<\/p>\n<p>Bras\u00edlia,<\/p>\n<p>&nbsp;<\/p>\n","protected":false},"excerpt":{"rendered":"<p>Se nada mudar no meio do caminho, Thiago Botelho, especialista em regula\u00e7\u00e3o da Ag\u00eancia Nacional de Telecomunica\u00e7\u00f5es (Anatel), ser\u00e1 nomeado ouvidor do \u00f3rg\u00e3o. Ele tem o apoio do MDB. Segundo interlocutores do Pal\u00e1cio do Planalto, o presidente Michel Temer j\u00e1 bateu o martelo. &nbsp; O cargo de ouvidor, mesmo sendo extremamente t\u00e9cnico, provocou uma grande [&hellip;]<\/p>\n","protected":false},"author":22,"featured_media":0,"comment_status":"open","ping_status":"closed","sticky":false,"template":"","format":"standard","meta":{"footnotes":""},"categories":[600],"tags":[],"class_list":["post-9206","post","type-post","status-publish","format-standard","hentry","category-economia"],"_links":{"self":[{"href":"https:\/\/blogs.correiobraziliense.com.br\/vicente\/wp-json\/wp\/v2\/posts\/9206","targetHints":{"allow":["GET"]}}],"collection":[{"href":"https:\/\/blogs.correiobraziliense.com.br\/vicente\/wp-json\/wp\/v2\/posts"}],"about":[{"href":"https:\/\/blogs.correiobraziliense.com.br\/vicente\/wp-json\/wp\/v2\/types\/post"}],"author":[{"embeddable":true,"href":"https:\/\/blogs.correiobraziliense.com.br\/vicente\/wp-json\/wp\/v2\/users\/22"}],"replies":[{"embeddable":true,"href":"https:\/\/blogs.correiobraziliense.com.br\/vicente\/wp-json\/wp\/v2\/comments?post=9206"}],"version-history":[{"count":1,"href":"https:\/\/blogs.correiobraziliense.com.br\/vicente\/wp-json\/wp\/v2\/posts\/9206\/revisions"}],"predecessor-version":[{"id":9207,"href":"https:\/\/blogs.correiobraziliense.com.br\/vicente\/wp-json\/wp\/v2\/posts\/9206\/revisions\/9207"}],"wp:attachment":[{"href":"https:\/\/blogs.correiobraziliense.com.br\/vicente\/wp-json\/wp\/v2\/media?parent=9206"}],"wp:term":[{"taxonomy":"category","embeddable":true,"href":"https:\/\/blogs.correiobraziliense.com.br\/vicente\/wp-json\/wp\/v2\/categories?post=9206"},{"taxonomy":"post_tag","embeddable":true,"href":"https:\/\/blogs.correiobraziliense.com.br\/vicente\/wp-json\/wp\/v2\/tags?post=9206"}],"curies":[{"name":"wp","href":"https:\/\/api.w.org\/{rel}","templated":true}]}}