{"id":9204,"date":"2018-09-20T21:19:44","date_gmt":"2018-09-21T00:19:44","guid":{"rendered":"https:\/\/blogs.correiobraziliense.com.br\/vicente\/?p=9204"},"modified":"2018-09-20T21:19:44","modified_gmt":"2018-09-21T00:19:44","slug":"bolsonaro-e-guedes-marcam-conversa-apos-desgaste-sobre-cpmf","status":"publish","type":"post","link":"https:\/\/blogs.correiobraziliense.com.br\/vicente\/bolsonaro-e-guedes-marcam-conversa-apos-desgaste-sobre-cpmf\/","title":{"rendered":"Bolsonaro e Guedes marcam conversa ap\u00f3s desgaste sobre CPMF"},"content":{"rendered":"<h2>GABRIELA VINHAL<\/h2>\n<h2><\/h2>\n<h2>Ap\u00f3s desgaste sobre declara\u00e7\u00f5es dadas \u00e0 imprensa, o candidato do PSL \u00e0 Presid\u00eancia, Jair Bolsonaro, deve se reunir novamente, na sexta-feira (21\/9), com o assessor econ\u00f4mico dele, Paulo Guedes, e o filho, Carlos Bolsonaro, que tem liderado a equipe de campanha do pai. O objetivo do encontro \u00e9 aparar as arestas depois do desentendimento que ocorreu entre os dois na quarta (19\/9), ap\u00f3s uma declara\u00e7\u00e3o dada por Guedes sobre a poss\u00edvel cria\u00e7\u00e3o de uma CPMF, imposto que incide sobre a movimenta\u00e7\u00e3o financeira.<\/h2>\n<p>&nbsp;<\/p>\n<p>A dupla ainda deve pensar em novas estrat\u00e9gias, j\u00e1 que o postulante est\u00e1 afastado das ruas e diminuiu o engajamento do vice, General Mour\u00e3o, na campanha dele. O compromisso, segundo uma pessoa da equipe de campanha de Bolsonaro, ainda est\u00e1 marcado, mesmo com as complica\u00e7\u00f5es pelas quais o presidenci\u00e1vel passou nesta tarde.<\/p>\n<p>&nbsp;<\/p>\n<p>Internado desde o \u00faltimo 6 de setembro, quando levou uma facada durante um com\u00edcio, o capit\u00e3o reformado do Ex\u00e9rcito teve febre e precisou realizar uma tomografia computadorizada de t\u00f3rax e abd\u00f4men. Ap\u00f3s o exame, de acordo com o boletim de sa\u00fade desta noite, um l\u00edquido foi encontrado ao lado do intestino e Bolsonaro precisou fazer uma drenagem.<\/p>\n<p>&nbsp;<\/p>\n<p>&#8220;Estamos tranquilos, porque sabemos que essas intercorr\u00eancias podem ocorrer. Mesmo com essas complica\u00e7\u00f5es, at\u00e9 agora, a reuni\u00e3o entre eles est\u00e1 mantida&#8221;, disse. Ainda segundo a fonte, Bolsonaro precisou negar a suposta cria\u00e7\u00e3o da CPMF, porque n\u00e3o foi combinado previamente com o economista. No entanto, minimizou que tenha abalado a rela\u00e7\u00e3o entre o candidato e Guedes. &#8220;As postagens foram publicadas para esclarecer que a fala de Guedes foi mal interpreta por alguns. Ele s\u00f3 queria refor\u00e7ar o plano econ\u00f4mico de seu governo&#8221;.<\/p>\n<p>&nbsp;<\/p>\n<p><em>Bras\u00edlia, 21h13min<\/em><\/p>\n","protected":false},"excerpt":{"rendered":"<p>GABRIELA VINHAL Ap\u00f3s desgaste sobre declara\u00e7\u00f5es dadas \u00e0 imprensa, o candidato do PSL \u00e0 Presid\u00eancia, Jair Bolsonaro, deve se reunir novamente, na sexta-feira (21\/9), com o assessor econ\u00f4mico dele, Paulo Guedes, e o filho, Carlos Bolsonaro, que tem liderado a equipe de campanha do pai. O objetivo do encontro \u00e9 aparar as arestas depois do [&hellip;]<\/p>\n","protected":false},"author":22,"featured_media":0,"comment_status":"open","ping_status":"closed","sticky":false,"template":"","format":"standard","meta":{"footnotes":""},"categories":[600],"tags":[2554,3615,3614,3613],"class_list":["post-9204","post","type-post","status-publish","format-standard","hentry","category-economia","tag-bolsonaro","tag-cpmf","tag-desentendimento","tag-paulo-guedes"],"_links":{"self":[{"href":"https:\/\/blogs.correiobraziliense.com.br\/vicente\/wp-json\/wp\/v2\/posts\/9204","targetHints":{"allow":["GET"]}}],"collection":[{"href":"https:\/\/blogs.correiobraziliense.com.br\/vicente\/wp-json\/wp\/v2\/posts"}],"about":[{"href":"https:\/\/blogs.correiobraziliense.com.br\/vicente\/wp-json\/wp\/v2\/types\/post"}],"author":[{"embeddable":true,"href":"https:\/\/blogs.correiobraziliense.com.br\/vicente\/wp-json\/wp\/v2\/users\/22"}],"replies":[{"embeddable":true,"href":"https:\/\/blogs.correiobraziliense.com.br\/vicente\/wp-json\/wp\/v2\/comments?post=9204"}],"version-history":[{"count":1,"href":"https:\/\/blogs.correiobraziliense.com.br\/vicente\/wp-json\/wp\/v2\/posts\/9204\/revisions"}],"predecessor-version":[{"id":9205,"href":"https:\/\/blogs.correiobraziliense.com.br\/vicente\/wp-json\/wp\/v2\/posts\/9204\/revisions\/9205"}],"wp:attachment":[{"href":"https:\/\/blogs.correiobraziliense.com.br\/vicente\/wp-json\/wp\/v2\/media?parent=9204"}],"wp:term":[{"taxonomy":"category","embeddable":true,"href":"https:\/\/blogs.correiobraziliense.com.br\/vicente\/wp-json\/wp\/v2\/categories?post=9204"},{"taxonomy":"post_tag","embeddable":true,"href":"https:\/\/blogs.correiobraziliense.com.br\/vicente\/wp-json\/wp\/v2\/tags?post=9204"}],"curies":[{"name":"wp","href":"https:\/\/api.w.org\/{rel}","templated":true}]}}