{"id":9202,"date":"2018-09-20T07:01:21","date_gmt":"2018-09-20T10:01:21","guid":{"rendered":"https:\/\/blogs.correiobraziliense.com.br\/vicente\/?p=9202"},"modified":"2018-09-20T03:05:44","modified_gmt":"2018-09-20T06:05:44","slug":"queda-do-desemprego-e-influenciada-pela-menor-forca-de-trabalho-diz-ipea","status":"publish","type":"post","link":"https:\/\/blogs.correiobraziliense.com.br\/vicente\/queda-do-desemprego-e-influenciada-pela-menor-forca-de-trabalho-diz-ipea\/","title":{"rendered":"Queda do desemprego \u00e9 influenciada pela menor for\u00e7a de trabalho, diz Ipea"},"content":{"rendered":"<h2>HAMILTON FERRARI<\/h2>\n<h2><\/h2>\n<h2>O cen\u00e1rio de emprego no pa\u00eds ainda se mostra deteriorado. Essa \u00e9 a avalia\u00e7\u00e3o do Instituto de Pesquisa Econ\u00f4mica Aplicada (Ipea). De acordo com um estudo da entidade com base nos dados divulgados pelo Instituto Brasileiro de Geografia e Estat\u00edstica (IBGE) sobre o mercado de trabalho, a recente queda da desocupa\u00e7\u00e3o n\u00e3o ocorreu por conta da expans\u00e3o da popula\u00e7\u00e3o ocupada, mas, sim, pela diminui\u00e7\u00e3o da for\u00e7a de trabalho.<\/h2>\n<h2><\/h2>\n<p>Durante o segundo trimestre de 2018, o maior recuo do desemprego ocorreu no conjunto de trabalhadores com idade entre 18 e 24 anos. O \u00edndice de desocupados saiu de 27,3% para 26,6%, em compara\u00e7\u00e3o ao mesmo per\u00edodo do ano passado. Ocorre que, neste mesmo intervalo de tempo, o contingente destes jovens ocupados recuou 0,8%, enquanto a popula\u00e7\u00e3o economicamente ativa caiu 1,6%.<\/p>\n<p>&nbsp;<\/p>\n<p>Analisando os dados por escolaridade, o \u00edndice de desocupa\u00e7\u00e3o caiu mais entre os empregados do ensino fundamental incompleto e completo. Caiu 3% e 2,9%, respectivamente. Mesmo assim, considerando estes quesitos, a popula\u00e7\u00e3o economicamente ativa com escolaridade de ensino fundamental e m\u00e9dio recuou 3,6% e 4,4%, respectivamente.<\/p>\n<p>&nbsp;<\/p>\n<p>\u201cDesde o \u00faltimo trimestre de 2017, a taxa de crescimento interanual da PEA (popula\u00e7\u00e3o economicamente ativa) vem registrando sucessivos recuos, possibilitando que a gera\u00e7\u00e3o de vagas de trabalho, ainda que em ritmo inferior ao desej\u00e1vel, seja suficiente n\u00e3o s\u00f3 para abarcar os novos entrantes no mercado de trabalho, mas tamb\u00e9m para retirar um contingente de pessoas do desemprego\u201d, ressalta a pesquisa.<\/p>\n<p>&nbsp;<\/p>\n<p><strong>Desalento<\/strong><\/p>\n<p>&nbsp;<\/p>\n<p>De acordo com o Ipea, essa retra\u00e7\u00e3o da for\u00e7a de trabalho pode estar relacionado ao incremento do desalento \u2014 fen\u00f4meno que faz com que a pessoa desista de procurar emprego porque acha que n\u00e3o vai conseguir.<\/p>\n<p>&nbsp;<\/p>\n<p>Com o grande n\u00famero de pessoas desocupadas, o n\u00famero de desalentados cresce de maneira mais r\u00e1pida, porque, segundo os dados, os trabalhadores perdem o emprego, e, num per\u00edodo curto de tempo, s\u00e3o classificados como tal. Isso porque o n\u00edvel de incerteza \u00e9 elevado e as pessoas avaliam que o n\u00famero de vagas n\u00e3o est\u00e1 melhorando. \u201cVem crescendo a propor\u00e7\u00e3o de indiv\u00edduos que, entre dois trimestres consecutivos, transitaram da atividade para a inatividade e se declararam desalentados, mesmo n\u00e3o tendo ficado, ou tendo permanecido muito pouco tempo, no desemprego\u201d, apontou o estudo.<\/p>\n<p>&nbsp;<\/p>\n<p>Al\u00e9m disso, o Ipea tra\u00e7ou o perfil dos desalentados. O n\u00edvel de \u00e9 proporcionalmente mais alto entre os trabalhadores que possuem maior dificuldade de inser\u00e7\u00e3o no mercado de trabalho: jovens, pouco escolarizados, residentes da regi\u00e3o Nordeste, mulheres e n\u00e3o chefes de fam\u00edlia.<\/p>\n<p>&nbsp;<\/p>\n<p>O instituto tamb\u00e9m ressalta que o aumento da popula\u00e7\u00e3o ocupada est\u00e1 ligada ao setor informal, indicando que, \u201cqualitativamente\u201d, a retomada do emprego ocorre em condi\u00e7\u00f5es aqu\u00e9m das desej\u00e1veis.<\/p>\n<p>&nbsp;<\/p>\n<p>Tamb\u00e9m revela que tem aumento o tempo de perman\u00eancia de pessoas desocupadas fora no mercado de trabalho. \u201cNota-se que, embora a propor\u00e7\u00e3o dos trabalhadores que se mantiveram desocupados durante o segundo trimestre de 2018 apresente desacelera\u00e7\u00e3o na compara\u00e7\u00e3o com o trimestre anterior, vem crescendo a parcela de desempregados cujo tempo de procurar por emprego \u00e9 maior que dois anos\u201d, concluiu o Ipea.<\/p>\n<p>&nbsp;<\/p>\n<p>Segundo os dados do IBGE, saiu de 20% no segundo trimestre de 2016, alcan\u00e7ou 22% no mesmo per\u00edodo do \u00faltimo ano e agora somou 24% nos \u00faltimos dados analisados.<\/p>\n<p>&nbsp;<\/p>\n<p><em>Bras\u00edlia, 7h01min<\/em><\/p>\n","protected":false},"excerpt":{"rendered":"<p>HAMILTON FERRARI O cen\u00e1rio de emprego no pa\u00eds ainda se mostra deteriorado. Essa \u00e9 a avalia\u00e7\u00e3o do Instituto de Pesquisa Econ\u00f4mica Aplicada (Ipea). De acordo com um estudo da entidade com base nos dados divulgados pelo Instituto Brasileiro de Geografia e Estat\u00edstica (IBGE) sobre o mercado de trabalho, a recente queda da desocupa\u00e7\u00e3o n\u00e3o ocorreu [&hellip;]<\/p>\n","protected":false},"author":22,"featured_media":0,"comment_status":"open","ping_status":"closed","sticky":false,"template":"","format":"standard","meta":{"footnotes":""},"categories":[600],"tags":[71,1343,391,2857,2310],"class_list":["post-9202","post","type-post","status-publish","format-standard","hentry","category-economia","tag-desemprego","tag-emprego","tag-ibge","tag-ipea","tag-mercado-de-trabalho"],"_links":{"self":[{"href":"https:\/\/blogs.correiobraziliense.com.br\/vicente\/wp-json\/wp\/v2\/posts\/9202","targetHints":{"allow":["GET"]}}],"collection":[{"href":"https:\/\/blogs.correiobraziliense.com.br\/vicente\/wp-json\/wp\/v2\/posts"}],"about":[{"href":"https:\/\/blogs.correiobraziliense.com.br\/vicente\/wp-json\/wp\/v2\/types\/post"}],"author":[{"embeddable":true,"href":"https:\/\/blogs.correiobraziliense.com.br\/vicente\/wp-json\/wp\/v2\/users\/22"}],"replies":[{"embeddable":true,"href":"https:\/\/blogs.correiobraziliense.com.br\/vicente\/wp-json\/wp\/v2\/comments?post=9202"}],"version-history":[{"count":1,"href":"https:\/\/blogs.correiobraziliense.com.br\/vicente\/wp-json\/wp\/v2\/posts\/9202\/revisions"}],"predecessor-version":[{"id":9203,"href":"https:\/\/blogs.correiobraziliense.com.br\/vicente\/wp-json\/wp\/v2\/posts\/9202\/revisions\/9203"}],"wp:attachment":[{"href":"https:\/\/blogs.correiobraziliense.com.br\/vicente\/wp-json\/wp\/v2\/media?parent=9202"}],"wp:term":[{"taxonomy":"category","embeddable":true,"href":"https:\/\/blogs.correiobraziliense.com.br\/vicente\/wp-json\/wp\/v2\/categories?post=9202"},{"taxonomy":"post_tag","embeddable":true,"href":"https:\/\/blogs.correiobraziliense.com.br\/vicente\/wp-json\/wp\/v2\/tags?post=9202"}],"curies":[{"name":"wp","href":"https:\/\/api.w.org\/{rel}","templated":true}]}}