{"id":9200,"date":"2018-09-19T21:19:31","date_gmt":"2018-09-20T00:19:31","guid":{"rendered":"https:\/\/blogs.correiobraziliense.com.br\/vicente\/?p=9200"},"modified":"2018-09-19T21:49:07","modified_gmt":"2018-09-20T00:49:07","slug":"se-ganhar-para-quem-haddad-vai-governar","status":"publish","type":"post","link":"https:\/\/blogs.correiobraziliense.com.br\/vicente\/se-ganhar-para-quem-haddad-vai-governar\/","title":{"rendered":"Se ganhar, para quem Haddad vai governar?"},"content":{"rendered":"<h2>Diante da velocidade com que est\u00e1 subindo nas pesquisas \u2014 passou de 8% para 19%, segundo o Ibope \u2014, Fernando Haddad, candidato do PT \u00e0 Presid\u00eancia da Rep\u00fablica, dever\u00e1 chegar ao fim do primeiro turno das elei\u00e7\u00f5es \u00e0 frente de Jair Bolsonaro, do PSL, segundo proje\u00e7\u00f5es do mercado financeiro.<\/h2>\n<p>&nbsp;<\/p>\n<p>Com bases nos n\u00fameros mais recentes, que garantem um lugar certo para o petista no segundo turno, muitos est\u00e3o se perguntando para quem Haddad governar\u00e1 caso seja eleito. Ele ter\u00e1 que fechar uma equa\u00e7\u00e3o bastante complicada. De um lado, ter\u00e1 que atender as grandes expectativas do eleitorado que est\u00e1 transferindo para ele o apoio que d\u00e1 a Lula. De outro, ter\u00e1 de convencer os agentes econ\u00f4micos de que n\u00e3o far\u00e1 nenhuma loucura que possa agravar ainda mais a situa\u00e7\u00e3o do pa\u00eds.<\/p>\n<p>&nbsp;<\/p>\n<p>Os eleitores que est\u00e3o migrando para Haddad se mostram desesperados em rela\u00e7\u00e3o ao atual quadro do Brasil. Apostam que, com o PT de volta ao poder, o Estado far\u00e1 forte interven\u00e7\u00e3o na economia, com cr\u00e9dito farto e juros mais baixos, por exemplo. Esse desejo remete \u00e0 Nova Matriz Econ\u00f4mica, que Dilma Rousseff implantou quando era presidente e que empurrou o Brasil para uma das mais grave recess\u00f5es da hist\u00f3ria.<\/p>\n<p>&nbsp;<\/p>\n<p>Tal possibilidade assusta os investidores, mas eles ainda acreditam que vai imperar o pragmatismo, uma vez que Haddad \u00e9 o mais tucano dos petistas. A vis\u00e3o \u00e9 de que, de volta ao Pal\u00e1cio do Planalto, o PT n\u00e3o partiria para o tudo ou nada. Haddad precisar\u00e1, se eleito, de tranquilidade na economia para retomar politicas sociais que se tornaram a marca do primeiro mandato de Lula. Naquela \u00e9poca, se tivesse radicalizado, em vez de um quadro de infla\u00e7\u00e3o e juros em baixa, Lula teria que administrar o caos, minando toda a popularidade e a esperan\u00e7a depositada nele.<\/p>\n<p>&nbsp;<\/p>\n<p>Portanto, n\u00e3o ser\u00e1 f\u00e1cil para Haddad atender a todos. Antes, por\u00e9m, de enfrentar esse dilema, ter\u00e1 que vencer as elei\u00e7\u00f5es. \u00c9 importante ressaltar que, em apenas uma semana, as inten\u00e7\u00f5es de voto de Haddad aumentaram 11 pontos percentuais. Para tornar Dilma vi\u00e1vel como candidata, Lula teve que carreg\u00e1-la a tiracolo por um ano pelo pa\u00eds.<\/p>\n<p>&nbsp;<\/p>\n<p><em>Bras\u00edlia, 21h19min<\/em><\/p>\n","protected":false},"excerpt":{"rendered":"<p>Diante da velocidade com que est\u00e1 subindo nas pesquisas \u2014 passou de 8% para 19%, segundo o Ibope \u2014, Fernando Haddad, candidato do PT \u00e0 Presid\u00eancia da Rep\u00fablica, dever\u00e1 chegar ao fim do primeiro turno das elei\u00e7\u00f5es \u00e0 frente de Jair Bolsonaro, do PSL, segundo proje\u00e7\u00f5es do mercado financeiro. &nbsp; Com bases nos n\u00fameros mais [&hellip;]<\/p>\n","protected":false},"author":22,"featured_media":0,"comment_status":"open","ping_status":"closed","sticky":false,"template":"","format":"standard","meta":{"footnotes":""},"categories":[600],"tags":[],"class_list":["post-9200","post","type-post","status-publish","format-standard","hentry","category-economia"],"_links":{"self":[{"href":"https:\/\/blogs.correiobraziliense.com.br\/vicente\/wp-json\/wp\/v2\/posts\/9200","targetHints":{"allow":["GET"]}}],"collection":[{"href":"https:\/\/blogs.correiobraziliense.com.br\/vicente\/wp-json\/wp\/v2\/posts"}],"about":[{"href":"https:\/\/blogs.correiobraziliense.com.br\/vicente\/wp-json\/wp\/v2\/types\/post"}],"author":[{"embeddable":true,"href":"https:\/\/blogs.correiobraziliense.com.br\/vicente\/wp-json\/wp\/v2\/users\/22"}],"replies":[{"embeddable":true,"href":"https:\/\/blogs.correiobraziliense.com.br\/vicente\/wp-json\/wp\/v2\/comments?post=9200"}],"version-history":[{"count":1,"href":"https:\/\/blogs.correiobraziliense.com.br\/vicente\/wp-json\/wp\/v2\/posts\/9200\/revisions"}],"predecessor-version":[{"id":9201,"href":"https:\/\/blogs.correiobraziliense.com.br\/vicente\/wp-json\/wp\/v2\/posts\/9200\/revisions\/9201"}],"wp:attachment":[{"href":"https:\/\/blogs.correiobraziliense.com.br\/vicente\/wp-json\/wp\/v2\/media?parent=9200"}],"wp:term":[{"taxonomy":"category","embeddable":true,"href":"https:\/\/blogs.correiobraziliense.com.br\/vicente\/wp-json\/wp\/v2\/categories?post=9200"},{"taxonomy":"post_tag","embeddable":true,"href":"https:\/\/blogs.correiobraziliense.com.br\/vicente\/wp-json\/wp\/v2\/tags?post=9200"}],"curies":[{"name":"wp","href":"https:\/\/api.w.org\/{rel}","templated":true}]}}