{"id":9179,"date":"2018-09-18T18:31:34","date_gmt":"2018-09-18T21:31:34","guid":{"rendered":"https:\/\/blogs.correiobraziliense.com.br\/vicente\/?p=9179"},"modified":"2018-09-18T18:46:53","modified_gmt":"2018-09-18T21:46:53","slug":"bolsonaro-busca-acordo-com-amoedo-no-segundo-turno-e-oferecera-ministerio","status":"publish","type":"post","link":"https:\/\/blogs.correiobraziliense.com.br\/vicente\/bolsonaro-busca-acordo-com-amoedo-no-segundo-turno-e-oferecera-ministerio\/","title":{"rendered":"Bolsonaro busca acordo com Amo\u00eado no segundo turno e oferecer\u00e1 minist\u00e9rio"},"content":{"rendered":"<h2>GABRIELA VINHAL<\/h2>\n<h2><\/h2>\n<h2>Internado desde o \u00faltimo 6 de setembro ap\u00f3s levar uma facada durante um com\u00edcio em Minas Gerais, Jair Bolsonaro (PSL) tem se mantido afastado das estrat\u00e9gias de campanha para a candidatura \u00e0 Presid\u00eancia da Rep\u00fablica. Na reta final da disputa, um dos filhos do postulante, Carlos Bolsonaro, \u00e9 quem participa de reuni\u00f5es com autoridades e especialistas. Entre as novas medidas a serem adotadas ainda para o primeiro turno, como em uma fase p\u00f3s-ataque, est\u00e1 a consolida\u00e7\u00e3o de uma base de centro-direita dentro do PSL.<\/h2>\n<p>&nbsp;<\/p>\n<p>Com a certeza de que chegar\u00e1 ao segundo turno, o partido de Bolsonaro j\u00e1 mant\u00e9m conversas avan\u00e7adas com o tamb\u00e9m candidato Jo\u00e3o Amo\u00eado, do Novo. Como ele n\u00e3o consegue avan\u00e7ar entre o eleitorado, Bolsonaro acredita que poder\u00e1 fechar um acordo com o Novo para a segunda fase do pleito. Se a alian\u00e7a for firmada, o empres\u00e1rio ganhar\u00e1 a pasta do Planejamento ou da Transpar\u00eancia em um eventual governo. Segundo uma pessoa pr\u00f3xima da campanha de Bolsonaro, h\u00e1 a especula\u00e7\u00e3o de que o cargo escolhido dever\u00e1 fazer jus ao discurso do Novo contra a corrup\u00e7\u00e3o e os privil\u00e9gios de servidores.<\/p>\n<p>&nbsp;<\/p>\n<p>A especula\u00e7\u00e3o do PSL \u00e9 de que Fernando Haddad (PT) disputar\u00e1 a segunda fase da elei\u00e7\u00e3o com o capit\u00e3o reformado do Ex\u00e9rcito. \u00c9 previsto o apoio das demais siglas ao postulante petista, com exce\u00e7\u00e3o do partido de Mois\u00e9s Jardim e do Democratas. A conversa com essas legendas de centro ajudaria tornar a imagem de Bolsonaro mais \u201cbranda\u201d junto aos agentes econ\u00f4micos e afastaria a alus\u00e3o ao presidente dos Estados Unidos, Donald Trump, como tem sido conhecido pela m\u00eddia estrangeira de \u201cTrump Brasileiro\u201d.<\/p>\n<p>&nbsp;<\/p>\n<p>Com a previs\u00e3o de voltar para a casa no fim da semana, Bolsonaro se manter\u00e1 ativo nas redes sociais. Conforme o <strong>Correio<\/strong> apurou, um est\u00fadio particular que estava montado no Rio de Janeiro j\u00e1 est\u00e1 em transfer\u00eancia para S\u00e3o Paulo, para ficar pr\u00f3ximo ao candidato, que dever\u00e1 se manter em repouso. Os filhos de Bolsonaro que buscam uma vaga no Congresso Nacional continuar\u00e3o fazendo campanha nas ruas, enquanto o vice da chapa, General Mour\u00e3o, cumprir\u00e1 agenda com empres\u00e1rios e lideran\u00e7as locais.<\/p>\n","protected":false},"excerpt":{"rendered":"<p>GABRIELA VINHAL Internado desde o \u00faltimo 6 de setembro ap\u00f3s levar uma facada durante um com\u00edcio em Minas Gerais, Jair Bolsonaro (PSL) tem se mantido afastado das estrat\u00e9gias de campanha para a candidatura \u00e0 Presid\u00eancia da Rep\u00fablica. Na reta final da disputa, um dos filhos do postulante, Carlos Bolsonaro, \u00e9 quem participa de reuni\u00f5es com [&hellip;]<\/p>\n","protected":false},"author":22,"featured_media":0,"comment_status":"open","ping_status":"closed","sticky":false,"template":"","format":"standard","meta":{"footnotes":""},"categories":[600],"tags":[],"class_list":["post-9179","post","type-post","status-publish","format-standard","hentry","category-economia"],"_links":{"self":[{"href":"https:\/\/blogs.correiobraziliense.com.br\/vicente\/wp-json\/wp\/v2\/posts\/9179","targetHints":{"allow":["GET"]}}],"collection":[{"href":"https:\/\/blogs.correiobraziliense.com.br\/vicente\/wp-json\/wp\/v2\/posts"}],"about":[{"href":"https:\/\/blogs.correiobraziliense.com.br\/vicente\/wp-json\/wp\/v2\/types\/post"}],"author":[{"embeddable":true,"href":"https:\/\/blogs.correiobraziliense.com.br\/vicente\/wp-json\/wp\/v2\/users\/22"}],"replies":[{"embeddable":true,"href":"https:\/\/blogs.correiobraziliense.com.br\/vicente\/wp-json\/wp\/v2\/comments?post=9179"}],"version-history":[{"count":1,"href":"https:\/\/blogs.correiobraziliense.com.br\/vicente\/wp-json\/wp\/v2\/posts\/9179\/revisions"}],"predecessor-version":[{"id":9180,"href":"https:\/\/blogs.correiobraziliense.com.br\/vicente\/wp-json\/wp\/v2\/posts\/9179\/revisions\/9180"}],"wp:attachment":[{"href":"https:\/\/blogs.correiobraziliense.com.br\/vicente\/wp-json\/wp\/v2\/media?parent=9179"}],"wp:term":[{"taxonomy":"category","embeddable":true,"href":"https:\/\/blogs.correiobraziliense.com.br\/vicente\/wp-json\/wp\/v2\/categories?post=9179"},{"taxonomy":"post_tag","embeddable":true,"href":"https:\/\/blogs.correiobraziliense.com.br\/vicente\/wp-json\/wp\/v2\/tags?post=9179"}],"curies":[{"name":"wp","href":"https:\/\/api.w.org\/{rel}","templated":true}]}}