{"id":9177,"date":"2018-09-18T17:27:35","date_gmt":"2018-09-18T20:27:35","guid":{"rendered":"https:\/\/blogs.correiobraziliense.com.br\/vicente\/?p=9177"},"modified":"2018-09-18T17:27:35","modified_gmt":"2018-09-18T20:27:35","slug":"horario-eleitoral-na-tv-impulsiona-interacoes-entre-usuarios-nas-redes-sociais","status":"publish","type":"post","link":"https:\/\/blogs.correiobraziliense.com.br\/vicente\/horario-eleitoral-na-tv-impulsiona-interacoes-entre-usuarios-nas-redes-sociais\/","title":{"rendered":"Hor\u00e1rio eleitoral na TV impulsiona intera\u00e7\u00f5es entre usu\u00e1rios nas redes sociais"},"content":{"rendered":"<h2>RODOLFO COSTA<\/h2>\n<h2><\/h2>\n<h2>O hor\u00e1rio eleitoral na televis\u00e3o e na r\u00e1dio, iniciado em 31 de agosto, impulsionou o debate pol\u00edtico nas redes sociais. Entre 16 e 29 de agosto, 41 milh\u00f5es de pessoas interagiram 368 milh\u00f5es de vezes a respeito da corrida eleitoral no Facebook. Completados um m\u00eas do in\u00edcio do pleito, entre 16 de agosto e 16 de setembro, 62 milh\u00f5es de pessoas interagiram 1,1 bilh\u00e3o de vezes, seja comentando, compartilhando, publicando ou por meio das chamadas rea\u00e7\u00f5es.<\/h2>\n<p>&nbsp;<\/p>\n<p>O engajamento na rede social surpreende. No acumulado do per\u00edodo analisado, o n\u00famero de intera\u00e7\u00f5es triplica em rela\u00e7\u00e3o aos primeiros 13 dias de campanha com um aumento de 50% do n\u00famero de usu\u00e1rios interessados em participar das discuss\u00f5es eleitorais.<\/p>\n<p>&nbsp;<\/p>\n<p>Os dados divulgados pelo Facebook nesta ter\u00e7a-feira (18\/9) ainda mostram que, ao longo do m\u00eas, o assunto sobre seguran\u00e7a p\u00fablica dominou as prefer\u00eancias de discuss\u00e3o na rede. No primeiro levantamento realizado, a economia liderava os debates. O terceiro assunto com mais intera\u00e7\u00f5es em ambas pesquisas foi corrup\u00e7\u00e3o.<\/p>\n<p>&nbsp;<\/p>\n<p>O levantamento mostra prioridades distintas entre os sexos. Entre os homens, os assuntos reforma pol\u00edtica, impostos e ind\u00fastria lideram as intera\u00e7\u00f5es. Entre as mulheres, a prioridade \u00e9 a discuss\u00e3o sobre sa\u00fade, temas de g\u00eanero e habita\u00e7\u00e3o. A mesma distin\u00e7\u00e3o ocorre entre as diferentes faixas et\u00e1rias.<\/p>\n<p>&nbsp;<\/p>\n<p>Entre pessoas com 18 a 34 anos, temas de g\u00eanero, porte de armas e direitos humanos lideram as intera\u00e7\u00f5es. Entre os com 35 e 54 anos, a prefer\u00eancia \u00e9 pelos assuntos de reforma trabalhista, infraestrutura e Previd\u00eancia. A prioridade entre usu\u00e1rios com mais de 55 anos no acumulado do m\u00eas foi Previd\u00eancia, reforma pol\u00edtica e Judici\u00e1rio.<\/p>\n<p>&nbsp;<\/p>\n<p><em>Bras\u00edlia, 17h21min<\/em><\/p>\n","protected":false},"excerpt":{"rendered":"<p>RODOLFO COSTA O hor\u00e1rio eleitoral na televis\u00e3o e na r\u00e1dio, iniciado em 31 de agosto, impulsionou o debate pol\u00edtico nas redes sociais. Entre 16 e 29 de agosto, 41 milh\u00f5es de pessoas interagiram 368 milh\u00f5es de vezes a respeito da corrida eleitoral no Facebook. Completados um m\u00eas do in\u00edcio do pleito, entre 16 de agosto [&hellip;]<\/p>\n","protected":false},"author":22,"featured_media":0,"comment_status":"open","ping_status":"closed","sticky":false,"template":"","format":"standard","meta":{"footnotes":""},"categories":[600],"tags":[1257,3481,892,3610,3609,851,3608],"class_list":["post-9177","post","type-post","status-publish","format-standard","hentry","category-economia","tag-campanha","tag-eleicao","tag-facebook","tag-internet","tag-rede-social","tag-televisao","tag-tv"],"_links":{"self":[{"href":"https:\/\/blogs.correiobraziliense.com.br\/vicente\/wp-json\/wp\/v2\/posts\/9177","targetHints":{"allow":["GET"]}}],"collection":[{"href":"https:\/\/blogs.correiobraziliense.com.br\/vicente\/wp-json\/wp\/v2\/posts"}],"about":[{"href":"https:\/\/blogs.correiobraziliense.com.br\/vicente\/wp-json\/wp\/v2\/types\/post"}],"author":[{"embeddable":true,"href":"https:\/\/blogs.correiobraziliense.com.br\/vicente\/wp-json\/wp\/v2\/users\/22"}],"replies":[{"embeddable":true,"href":"https:\/\/blogs.correiobraziliense.com.br\/vicente\/wp-json\/wp\/v2\/comments?post=9177"}],"version-history":[{"count":1,"href":"https:\/\/blogs.correiobraziliense.com.br\/vicente\/wp-json\/wp\/v2\/posts\/9177\/revisions"}],"predecessor-version":[{"id":9178,"href":"https:\/\/blogs.correiobraziliense.com.br\/vicente\/wp-json\/wp\/v2\/posts\/9177\/revisions\/9178"}],"wp:attachment":[{"href":"https:\/\/blogs.correiobraziliense.com.br\/vicente\/wp-json\/wp\/v2\/media?parent=9177"}],"wp:term":[{"taxonomy":"category","embeddable":true,"href":"https:\/\/blogs.correiobraziliense.com.br\/vicente\/wp-json\/wp\/v2\/categories?post=9177"},{"taxonomy":"post_tag","embeddable":true,"href":"https:\/\/blogs.correiobraziliense.com.br\/vicente\/wp-json\/wp\/v2\/tags?post=9177"}],"curies":[{"name":"wp","href":"https:\/\/api.w.org\/{rel}","templated":true}]}}