{"id":9160,"date":"2018-09-17T16:37:08","date_gmt":"2018-09-17T19:37:08","guid":{"rendered":"https:\/\/blogs.correiobraziliense.com.br\/vicente\/?p=9160"},"modified":"2018-09-17T16:37:08","modified_gmt":"2018-09-17T19:37:08","slug":"70-dos-brasileiros-acham-que-corrupcao-nao-diminuiu-depois-de-impeachment","status":"publish","type":"post","link":"https:\/\/blogs.correiobraziliense.com.br\/vicente\/70-dos-brasileiros-acham-que-corrupcao-nao-diminuiu-depois-de-impeachment\/","title":{"rendered":"70% dos brasileiros acham que a corrup\u00e7\u00e3o n\u00e3o diminuiu depois de impeachment"},"content":{"rendered":"<h2>HAMILTON FERRARI<\/h2>\n<h2><\/h2>\n<h2>Um levantamento feito pelo instituto de pesquisa Hello Research mostrou que sete em cada dez brasileiros consideram que a corrup\u00e7\u00e3o continua igual ap\u00f3s o impeachment da ex-presidente Dilma Rousseff (PT), ocorrido em 2016. O estudo tamb\u00e9m avalia que 78% das pessoas consideram que a crise n\u00e3o foi superada e que vai &#8220;durar muito mais tempo&#8221;.<\/h2>\n<p>&nbsp;<\/p>\n<p>Somente 4% acreditam que a corrup\u00e7\u00e3o diminuiu ap\u00f3s o governo Michel Temer (MDB) assumir a presid\u00eancia. Para 60% o pa\u00eds piorou e outros 36% consideram \u201cigual\u201d. Sobre os atos il\u00edcitos na administra\u00e7\u00e3o p\u00fablica, 68% da popula\u00e7\u00e3o concorda totalmente com a frase \u201cA corrup\u00e7\u00e3o no Brasil continua igual\u201d. Entre os eleitores que se posicionam como sendo de esquerda, essa porcentagem \u00e9 ainda maior, chegando a 75%.<\/p>\n<p>&nbsp;<\/p>\n<p>A pesquisa faz parte de um recorte do Mapa Pol\u00edtico da Hello Research, que analisa o comportamento dos brasileiros com rela\u00e7\u00e3o \u00e0s elei\u00e7\u00f5es. O levantamento tamb\u00e9m mostrou que aumentou a polariza\u00e7\u00e3o entre esquerda e direita em 2018. Segundo cientistas pol\u00edticos, as \u00faltimas pesquisas de inten\u00e7\u00e3o de voto mostrou que\u00a0a briga entre direita e esquerda pode subir de tom caso o segundo turno do pleito seja entre Jair Bolsonaro (PDT) e Fernando Haddad (PT), na disputa pelo Pal\u00e1cio do Planalto.<\/p>\n<p>&nbsp;<\/p>\n<p>E, apesar de ter crescido o n\u00famero de pessoas que t\u00eam \u201cmuito interesse\u201d pelo per\u00edodo eleitoral, tamb\u00e9m subiu a propor\u00e7\u00e3o de quem \u201cn\u00e3o votaria\u201d se n\u00e3o fosse obrigat\u00f3rio. Em 2014, a maior preocupa\u00e7\u00e3o do brasileiro era com a infla\u00e7\u00e3o e a sa\u00fade. Neste ano, a preocupa\u00e7\u00e3o mais latente \u00e9 a sa\u00fade (75%), seguido de educa\u00e7\u00e3o (56%).<\/p>\n<p>&nbsp;<\/p>\n<p>A pesquisa foi realizada com 1.993 eleitores de 28 de julho e 7 de agosto, antes do in\u00edcio das campanhas eleitorais. As entrevistas foram realizadas presencialmente nas casas dos eleitores, com eleitores com mais de 16 anos, das classes A, B, C, D e E de diversas escolaridades e de setores censit\u00e1rios de todas as regi\u00f5es do pa\u00eds. O \u00edndice de confian\u00e7a \u00e9 de 95% e a margem de erro de 2,2 pontos percentuais para mais ou para menos.<\/p>\n<p>&nbsp;<\/p>\n<p><em>Bras\u00edlia, 16h31min<\/em><\/p>\n","protected":false},"excerpt":{"rendered":"<p>HAMILTON FERRARI Um levantamento feito pelo instituto de pesquisa Hello Research mostrou que sete em cada dez brasileiros consideram que a corrup\u00e7\u00e3o continua igual ap\u00f3s o impeachment da ex-presidente Dilma Rousseff (PT), ocorrido em 2016. O estudo tamb\u00e9m avalia que 78% das pessoas consideram que a crise n\u00e3o foi superada e que vai &#8220;durar muito [&hellip;]<\/p>\n","protected":false},"author":22,"featured_media":0,"comment_status":"open","ping_status":"closed","sticky":false,"template":"","format":"standard","meta":{"footnotes":""},"categories":[600],"tags":[255,3481,3607,465],"class_list":["post-9160","post","type-post","status-publish","format-standard","hentry","category-economia","tag-corrupcao","tag-eleicao","tag-hello-research","tag-pesquisa"],"_links":{"self":[{"href":"https:\/\/blogs.correiobraziliense.com.br\/vicente\/wp-json\/wp\/v2\/posts\/9160","targetHints":{"allow":["GET"]}}],"collection":[{"href":"https:\/\/blogs.correiobraziliense.com.br\/vicente\/wp-json\/wp\/v2\/posts"}],"about":[{"href":"https:\/\/blogs.correiobraziliense.com.br\/vicente\/wp-json\/wp\/v2\/types\/post"}],"author":[{"embeddable":true,"href":"https:\/\/blogs.correiobraziliense.com.br\/vicente\/wp-json\/wp\/v2\/users\/22"}],"replies":[{"embeddable":true,"href":"https:\/\/blogs.correiobraziliense.com.br\/vicente\/wp-json\/wp\/v2\/comments?post=9160"}],"version-history":[{"count":1,"href":"https:\/\/blogs.correiobraziliense.com.br\/vicente\/wp-json\/wp\/v2\/posts\/9160\/revisions"}],"predecessor-version":[{"id":9161,"href":"https:\/\/blogs.correiobraziliense.com.br\/vicente\/wp-json\/wp\/v2\/posts\/9160\/revisions\/9161"}],"wp:attachment":[{"href":"https:\/\/blogs.correiobraziliense.com.br\/vicente\/wp-json\/wp\/v2\/media?parent=9160"}],"wp:term":[{"taxonomy":"category","embeddable":true,"href":"https:\/\/blogs.correiobraziliense.com.br\/vicente\/wp-json\/wp\/v2\/categories?post=9160"},{"taxonomy":"post_tag","embeddable":true,"href":"https:\/\/blogs.correiobraziliense.com.br\/vicente\/wp-json\/wp\/v2\/tags?post=9160"}],"curies":[{"name":"wp","href":"https:\/\/api.w.org\/{rel}","templated":true}]}}