{"id":9155,"date":"2018-09-17T11:09:56","date_gmt":"2018-09-17T14:09:56","guid":{"rendered":"https:\/\/blogs.correiobraziliense.com.br\/vicente\/?p=9155"},"modified":"2018-09-17T12:17:39","modified_gmt":"2018-09-17T15:17:39","slug":"uniao-oferece-oito-terrenos-para-troca-no-distrito-federal","status":"publish","type":"post","link":"https:\/\/blogs.correiobraziliense.com.br\/vicente\/uniao-oferece-oito-terrenos-para-troca-no-distrito-federal\/","title":{"rendered":"Uni\u00e3o oferece oito terrenos para troca no Distrito Federal"},"content":{"rendered":"<h2>HAMILTON FERRARI<\/h2>\n<h2><\/h2>\n<h2>O Minist\u00e9rio do Planejamento quer identificar interessados em trocar im\u00f3veis com a Uni\u00e3o. O governo federal ofereceu oito terrenos\u00a0\u2014 avaliados em R$ 390 milh\u00f5es\u00a0\u2014 para fazer a permuta.\u00a0A pasta convocou um chamamento p\u00fablico, que foi publicado na manh\u00e3 desta segunda-feira (17\/9) no Di\u00e1rio Oficial da Uni\u00e3o.<\/h2>\n<p>&nbsp;<\/p>\n<p>A troca vai favorecer o Minist\u00e9rio da Transpar\u00eancia e Controladoria-Geral da Uni\u00e3o (CGU). O \u00f3rg\u00e3o precisa de um edif\u00edcio com \u00e1rea \u00fatil m\u00ednima de 14,7 mil m\u00b2 e \u00e1rea constru\u00edda de 29,5 mil m\u00b2, o que seria suficiente para alocar 1.460 servidores e terceirizados da CGU. Empresas e pessoas f\u00edsicas podem participar do processo de troca. Caber\u00e1 a CGU avaliar os terrenos oferecidos.\u00a0A Uni\u00e3o vai entregar o n\u00famero de terrenos que for correspondente ao valor do im\u00f3vel selecionado.<\/p>\n<p>&nbsp;<\/p>\n<p>Os participantes devem se manifestar at\u00e9 o dia 19 de outubro, das 9h \u00e0s 12h, e das 14h \u00e0s 17h, no setor de protocolo da SPU, localizado no Bloco C, t\u00e9rreo, sala 7 da Esplanada dos Minist\u00e9rios, em Bras\u00edlia. Ao apresentar a proposta, \u00e9 necess\u00e1rio informar o valor do im\u00f3vel ofertado, com a metodologia do c\u00e1lculo demonstrada, &#8220;por parecer emitido por profissional habilitado, acompanhado de documentos constantes do edital e anexos, dispon\u00edveis no site\u00a0<a href=\"http:\/\/www.imoveis.planejamento.gov.br\/\" target=\"_blank\">www.imoveis.planejamento.gov.br<\/a>&#8220;.<\/p>\n<p>&nbsp;<\/p>\n<p>&nbsp;<\/p>\n<p>Os valores apresentados ser\u00e3o avaliados pela Caixa Econ\u00f4mica Federal. A autoriza\u00e7\u00e3o para aliena\u00e7\u00e3o de im\u00f3veis da Uni\u00e3o por permuta est\u00e1 prevista na Lei 9.636 de 15 de maio de 1998.\u00a0Pedidos de informa\u00e7\u00f5es adicionais e d\u00favidas devem ser encaminhados \u00e0 SPU pelo e-mail\u00a0<a href=\"mailto:vendaspu@planejamento.gov.br\" target=\"_blank\">vendaspu@planejamento.gov.br<\/a>.<\/p>\n<p>&nbsp;<\/p>\n<p><em>Bras\u00edlia, 11h04 min<\/em><\/p>\n","protected":false},"excerpt":{"rendered":"<p>HAMILTON FERRARI O Minist\u00e9rio do Planejamento quer identificar interessados em trocar im\u00f3veis com a Uni\u00e3o. O governo federal ofereceu oito terrenos\u00a0\u2014 avaliados em R$ 390 milh\u00f5es\u00a0\u2014 para fazer a permuta.\u00a0A pasta convocou um chamamento p\u00fablico, que foi publicado na manh\u00e3 desta segunda-feira (17\/9) no Di\u00e1rio Oficial da Uni\u00e3o. &nbsp; A troca vai favorecer o Minist\u00e9rio [&hellip;]<\/p>\n","protected":false},"author":22,"featured_media":0,"comment_status":"open","ping_status":"closed","sticky":false,"template":"","format":"standard","meta":{"footnotes":""},"categories":[600],"tags":[926,1532,1554,3606,986,848],"class_list":["post-9155","post","type-post","status-publish","format-standard","hentry","category-economia","tag-brasilia","tag-df","tag-imoveis","tag-permuta","tag-spu","tag-troca"],"_links":{"self":[{"href":"https:\/\/blogs.correiobraziliense.com.br\/vicente\/wp-json\/wp\/v2\/posts\/9155","targetHints":{"allow":["GET"]}}],"collection":[{"href":"https:\/\/blogs.correiobraziliense.com.br\/vicente\/wp-json\/wp\/v2\/posts"}],"about":[{"href":"https:\/\/blogs.correiobraziliense.com.br\/vicente\/wp-json\/wp\/v2\/types\/post"}],"author":[{"embeddable":true,"href":"https:\/\/blogs.correiobraziliense.com.br\/vicente\/wp-json\/wp\/v2\/users\/22"}],"replies":[{"embeddable":true,"href":"https:\/\/blogs.correiobraziliense.com.br\/vicente\/wp-json\/wp\/v2\/comments?post=9155"}],"version-history":[{"count":4,"href":"https:\/\/blogs.correiobraziliense.com.br\/vicente\/wp-json\/wp\/v2\/posts\/9155\/revisions"}],"predecessor-version":[{"id":9159,"href":"https:\/\/blogs.correiobraziliense.com.br\/vicente\/wp-json\/wp\/v2\/posts\/9155\/revisions\/9159"}],"wp:attachment":[{"href":"https:\/\/blogs.correiobraziliense.com.br\/vicente\/wp-json\/wp\/v2\/media?parent=9155"}],"wp:term":[{"taxonomy":"category","embeddable":true,"href":"https:\/\/blogs.correiobraziliense.com.br\/vicente\/wp-json\/wp\/v2\/categories?post=9155"},{"taxonomy":"post_tag","embeddable":true,"href":"https:\/\/blogs.correiobraziliense.com.br\/vicente\/wp-json\/wp\/v2\/tags?post=9155"}],"curies":[{"name":"wp","href":"https:\/\/api.w.org\/{rel}","templated":true}]}}