{"id":9142,"date":"2018-09-14T18:12:49","date_gmt":"2018-09-14T21:12:49","guid":{"rendered":"https:\/\/blogs.correiobraziliense.com.br\/vicente\/?p=9142"},"modified":"2018-09-14T18:58:35","modified_gmt":"2018-09-14T21:58:35","slug":"tre-recebe-denuncia-de-fake-news-com-nomes-de-lula-e-bolsonaro","status":"publish","type":"post","link":"https:\/\/blogs.correiobraziliense.com.br\/vicente\/tre-recebe-denuncia-de-fake-news-com-nomes-de-lula-e-bolsonaro\/","title":{"rendered":"TRE recebe den\u00fancia de fake news ligando nome de Lula a n\u00famero de Bolsonaro"},"content":{"rendered":"<h2><a href=\"https:\/\/blogs.correiobraziliense.com.br\/vicente\/wp-content\/uploads\/sites\/16\/2018\/09\/WhatsApp-Image-2018-09-14-at-18.05.26.jpeg\" rel=\"attachment wp-att-9143\"><img loading=\"lazy\" decoding=\"async\" class=\"alignnone size-large wp-image-9143\" src=\"https:\/\/blogs.correiobraziliense.com.br\/vicente\/wp-content\/uploads\/sites\/16\/2018\/09\/WhatsApp-Image-2018-09-14-at-18.05.26-883x1024.jpeg\" alt=\"WhatsApp Image 2018-09-14 at 18.05.26\" width=\"883\" height=\"1024\" srcset=\"https:\/\/blogs.correiobraziliense.com.br\/vicente\/wp-content\/uploads\/sites\/16\/2018\/09\/WhatsApp-Image-2018-09-14-at-18.05.26-883x1024.jpeg 883w, https:\/\/blogs.correiobraziliense.com.br\/vicente\/wp-content\/uploads\/sites\/16\/2018\/09\/WhatsApp-Image-2018-09-14-at-18.05.26-259x300.jpeg 259w, https:\/\/blogs.correiobraziliense.com.br\/vicente\/wp-content\/uploads\/sites\/16\/2018\/09\/WhatsApp-Image-2018-09-14-at-18.05.26-768x890.jpeg 768w, https:\/\/blogs.correiobraziliense.com.br\/vicente\/wp-content\/uploads\/sites\/16\/2018\/09\/WhatsApp-Image-2018-09-14-at-18.05.26-302x350.jpeg 302w, https:\/\/blogs.correiobraziliense.com.br\/vicente\/wp-content\/uploads\/sites\/16\/2018\/09\/WhatsApp-Image-2018-09-14-at-18.05.26-550x638.jpeg 550w, https:\/\/blogs.correiobraziliense.com.br\/vicente\/wp-content\/uploads\/sites\/16\/2018\/09\/WhatsApp-Image-2018-09-14-at-18.05.26-230x267.jpeg 230w, https:\/\/blogs.correiobraziliense.com.br\/vicente\/wp-content\/uploads\/sites\/16\/2018\/09\/WhatsApp-Image-2018-09-14-at-18.05.26.jpeg 1080w\" sizes=\"auto, (max-width: 883px) 100vw, 883px\" \/><\/a><\/h2>\n<h2><\/h2>\n<h2>BERNARDO BITTAR<\/h2>\n<h2><\/h2>\n<h2>A Coordena\u00e7\u00e3o de Organiza\u00e7\u00e3o e Fiscaliza\u00e7\u00e3o de Propaganda Eleitoral (COFPE), do Tribunal Regional Eleitoral do Distrito Federal (TRE), recebeu, nesta sexta-feira (14\/09), a primeira den\u00fancia sobre fake news do DF. Trata-se de uma imagem com o nome e a foto do ex-presidente Luiz In\u00e1cio Lula da Silva (PT) colada ao n\u00famero de Jair Bolsonaro (PSL). Nas urnas, o PT \u00e9 representado pelo 13 e o PSL, pelo 17.<\/h2>\n<h2><\/h2>\n<p>O TRE -DF j\u00e1 tinha recebido e analisado outras den\u00fancias. Mas essa \u00e9 a primeira que chega diretamente \u00e0 comiss\u00e3o criada com a finalidade de fiscalizar a propaganda eleitoral. A den\u00fancia foi arquivada pela COFPE em raz\u00e3o de &#8220;compet\u00eancia privativa do TSE (Tribunal Superior Eleitoral)&#8221; para apurar den\u00fancias relativas aos cargos de presidente e vice-presidente da Rep\u00fablica, explica a ju\u00edza Marilza Gebrim, uma das respons\u00e1veis pelas fiscaliza\u00e7\u00f5es de propaganda eleitoral. Ao todo, tr\u00eas magistrados foram designados para esta fun\u00e7\u00e3o durante o pleito de 2018 no Distrito Federal.<\/p>\n<p>&nbsp;<\/p>\n<p>&#8220;Existe um aplicativo espec\u00edfico para o recebimento dessas den\u00fancias \u2014 o pardal. S\u00f3 que a portaria 745 do tribunal, que estabelece sobre o funcionamento dele, exclui dos TREs as den\u00fancias relativas aos cargos de presidente da Rep\u00fablica e vice. Assim, os procedimentos s\u00e3o arquivados e devem ser encaminhados diretamente ao TSE&#8221;, detalha Marilza.<\/p>\n<p>&nbsp;<\/p>\n<p>De acordo com o juiz Pedro Yung-Tay, que tamb\u00e9m atua na COFPE, &#8220;foi a primeira vez que chegou algo relativo a fake news no Distrito Federal. Os candidatos foram convencidos de que esse tipo de assunto s\u00f3 atrapalha todo mundo. \u00c9 um desservi\u00e7o propagar not\u00edcias falsas e inventar moda&#8221;, explica.<\/p>\n<p>&nbsp;<\/p>\n<p>O TRE-DF alerta que est\u00e1 atento a todos os movimentos relativos \u00e0s fake news. O Tribunal recomenda aos eleitores que prestem bastante aten\u00e7\u00e3o nas informa\u00e7\u00f5es que s\u00e3o veiculadas para separar o que \u00e9 real das mentiras. Desde o come\u00e7o do ano, a Justi\u00e7a Eleitoral busca formas de combater as fake news, que podem ser os maiores problemas destas elei\u00e7\u00f5es.<\/p>\n<p>&nbsp;<\/p>\n<p><em>Bras\u00edlia, 18h06min<\/em><\/p>\n","protected":false},"excerpt":{"rendered":"<p>BERNARDO BITTAR A Coordena\u00e7\u00e3o de Organiza\u00e7\u00e3o e Fiscaliza\u00e7\u00e3o de Propaganda Eleitoral (COFPE), do Tribunal Regional Eleitoral do Distrito Federal (TRE), recebeu, nesta sexta-feira (14\/09), a primeira den\u00fancia sobre fake news do DF. Trata-se de uma imagem com o nome e a foto do ex-presidente Luiz In\u00e1cio Lula da Silva (PT) colada ao n\u00famero de Jair [&hellip;]<\/p>\n","protected":false},"author":22,"featured_media":0,"comment_status":"open","ping_status":"closed","sticky":false,"template":"","format":"standard","meta":{"footnotes":""},"categories":[600],"tags":[2554,665,3310,23,3605],"class_list":["post-9142","post","type-post","status-publish","format-standard","hentry","category-economia","tag-bolsonaro","tag-eleicoes","tag-fake-news","tag-lula","tag-tre"],"_links":{"self":[{"href":"https:\/\/blogs.correiobraziliense.com.br\/vicente\/wp-json\/wp\/v2\/posts\/9142","targetHints":{"allow":["GET"]}}],"collection":[{"href":"https:\/\/blogs.correiobraziliense.com.br\/vicente\/wp-json\/wp\/v2\/posts"}],"about":[{"href":"https:\/\/blogs.correiobraziliense.com.br\/vicente\/wp-json\/wp\/v2\/types\/post"}],"author":[{"embeddable":true,"href":"https:\/\/blogs.correiobraziliense.com.br\/vicente\/wp-json\/wp\/v2\/users\/22"}],"replies":[{"embeddable":true,"href":"https:\/\/blogs.correiobraziliense.com.br\/vicente\/wp-json\/wp\/v2\/comments?post=9142"}],"version-history":[{"count":8,"href":"https:\/\/blogs.correiobraziliense.com.br\/vicente\/wp-json\/wp\/v2\/posts\/9142\/revisions"}],"predecessor-version":[{"id":9152,"href":"https:\/\/blogs.correiobraziliense.com.br\/vicente\/wp-json\/wp\/v2\/posts\/9142\/revisions\/9152"}],"wp:attachment":[{"href":"https:\/\/blogs.correiobraziliense.com.br\/vicente\/wp-json\/wp\/v2\/media?parent=9142"}],"wp:term":[{"taxonomy":"category","embeddable":true,"href":"https:\/\/blogs.correiobraziliense.com.br\/vicente\/wp-json\/wp\/v2\/categories?post=9142"},{"taxonomy":"post_tag","embeddable":true,"href":"https:\/\/blogs.correiobraziliense.com.br\/vicente\/wp-json\/wp\/v2\/tags?post=9142"}],"curies":[{"name":"wp","href":"https:\/\/api.w.org\/{rel}","templated":true}]}}