{"id":9138,"date":"2018-09-13T19:45:52","date_gmt":"2018-09-13T22:45:52","guid":{"rendered":"https:\/\/blogs.correiobraziliense.com.br\/vicente\/?p=9138"},"modified":"2018-09-13T20:12:23","modified_gmt":"2018-09-13T23:12:23","slug":"bancos-reduzem-quase-zero-oferta-de-credito","status":"publish","type":"post","link":"https:\/\/blogs.correiobraziliense.com.br\/vicente\/bancos-reduzem-quase-zero-oferta-de-credito\/","title":{"rendered":"Bancos reduzem quase a zero a oferta de cr\u00e9dito"},"content":{"rendered":"<h2>Diante das incertezas pol\u00edticas, os bancos reduziram praticamente a zero a concess\u00e3o de empr\u00e9stimos a empresas e a pessoas f\u00edsicas. O cr\u00e9dito s\u00f3 est\u00e1 sendo liberado para firmas de primeir\u00edssima linha e, mesmo assim, para renegocia\u00e7\u00e3o de d\u00e9bitos que est\u00e3o vencendo. Dinheiro novo, nem pensar.<\/h2>\n<p>&nbsp;<\/p>\n<p>Os bancos est\u00e3o receosos em rela\u00e7\u00e3o ao que pode ocorrer depois das elei\u00e7\u00f5es, a depender de quem for o eleito em outubro pr\u00f3ximo. Temem o agravamento da crise econ\u00f4mica e a disparada dos calotes, o que, se ressalte, n\u00e3o ocorreu mesmo nos momentos mais cr\u00edticos da recess\u00e3o.<\/p>\n<p>&nbsp;<\/p>\n<p>O receio n\u00e3o se restringe \u00e0s institui\u00e7\u00f5es financeiras. Tamb\u00e9m a clientela est\u00e1 retra\u00edda. Do lado das empresas, com os neg\u00f3cios praticamente parados, n\u00e3o h\u00e1 nenhum incentivo para o endividamento. Entre os consumidores, o temor de desemprego impede a tomada de cr\u00e9dito. Esse, inclusive, \u00e9 um dos motivos para a retra\u00e7\u00e3o das vendas do varejo.<\/p>\n<p>&nbsp;<\/p>\n<p>Executivos de bancos dizem que o comportamento defensivo do sistema financeiro e dos tomares de cr\u00e9dito \u00e9 compreens\u00edvel, dadas \u00e0s incertezas nas quais o pa\u00eds est\u00e1 mergulhado. &#8220;N\u00e3o se consegue ver al\u00e9m de um m\u00eas&#8221;, afirma um executivo. &#8220;Para n\u00e3o cometer erros, \u00e9 melhor ficar parado. Esse \u00e9 o pensamento de est\u00e1 imperando no pa\u00eds&#8221;, acrescenta.<\/p>\n<p>&nbsp;<\/p>\n<p>Mas n\u00e3o \u00e9 s\u00f3 isso. As taxas de juros futuros, que servem de refer\u00eancia para a forma\u00e7\u00e3o do custo do dinheiro, dispararam, encostando nos 8,5% ao ano. Est\u00e3o muito acima da taxa b\u00e1sica (Selic), de 6,50% anuais. Assim, quando fazem as contas e veem o tamanho do risco e dos custos que ter\u00e3o que assumir, os tomadores fogem do cr\u00e9dito.<\/p>\n<p>&nbsp;<\/p>\n<p>A tend\u00eancia \u00e9 de o mercado de cr\u00e9dito s\u00f3 voltar \u00e0 normalidade em um ou dois meses depois das elei\u00e7\u00f5es, quando se tiver um quadro claro do que ser\u00e1 o pr\u00f3ximo governo. Hoje, ouvindo os discursos dos candidatos e lendo suas plataformas de governo, h\u00e1 raz\u00e3o de sobra para se ter medo. O Brasil est\u00e1 beirando o precip\u00edcio.<\/p>\n<p>&nbsp;<\/p>\n<p><em>Bras\u00edlia, 19h45min<\/em><\/p>\n","protected":false},"excerpt":{"rendered":"<p>Diante das incertezas pol\u00edticas, os bancos reduziram praticamente a zero a concess\u00e3o de empr\u00e9stimos a empresas e a pessoas f\u00edsicas. O cr\u00e9dito s\u00f3 est\u00e1 sendo liberado para firmas de primeir\u00edssima linha e, mesmo assim, para renegocia\u00e7\u00e3o de d\u00e9bitos que est\u00e3o vencendo. Dinheiro novo, nem pensar. &nbsp; Os bancos est\u00e3o receosos em rela\u00e7\u00e3o ao que pode [&hellip;]<\/p>\n","protected":false},"author":22,"featured_media":0,"comment_status":"open","ping_status":"closed","sticky":false,"template":"","format":"standard","meta":{"footnotes":""},"categories":[600],"tags":[],"class_list":["post-9138","post","type-post","status-publish","format-standard","hentry","category-economia"],"_links":{"self":[{"href":"https:\/\/blogs.correiobraziliense.com.br\/vicente\/wp-json\/wp\/v2\/posts\/9138","targetHints":{"allow":["GET"]}}],"collection":[{"href":"https:\/\/blogs.correiobraziliense.com.br\/vicente\/wp-json\/wp\/v2\/posts"}],"about":[{"href":"https:\/\/blogs.correiobraziliense.com.br\/vicente\/wp-json\/wp\/v2\/types\/post"}],"author":[{"embeddable":true,"href":"https:\/\/blogs.correiobraziliense.com.br\/vicente\/wp-json\/wp\/v2\/users\/22"}],"replies":[{"embeddable":true,"href":"https:\/\/blogs.correiobraziliense.com.br\/vicente\/wp-json\/wp\/v2\/comments?post=9138"}],"version-history":[{"count":1,"href":"https:\/\/blogs.correiobraziliense.com.br\/vicente\/wp-json\/wp\/v2\/posts\/9138\/revisions"}],"predecessor-version":[{"id":9139,"href":"https:\/\/blogs.correiobraziliense.com.br\/vicente\/wp-json\/wp\/v2\/posts\/9138\/revisions\/9139"}],"wp:attachment":[{"href":"https:\/\/blogs.correiobraziliense.com.br\/vicente\/wp-json\/wp\/v2\/media?parent=9138"}],"wp:term":[{"taxonomy":"category","embeddable":true,"href":"https:\/\/blogs.correiobraziliense.com.br\/vicente\/wp-json\/wp\/v2\/categories?post=9138"},{"taxonomy":"post_tag","embeddable":true,"href":"https:\/\/blogs.correiobraziliense.com.br\/vicente\/wp-json\/wp\/v2\/tags?post=9138"}],"curies":[{"name":"wp","href":"https:\/\/api.w.org\/{rel}","templated":true}]}}