{"id":9134,"date":"2018-09-13T18:01:41","date_gmt":"2018-09-13T21:01:41","guid":{"rendered":"https:\/\/blogs.correiobraziliense.com.br\/vicente\/?p=9134"},"modified":"2018-09-13T18:59:32","modified_gmt":"2018-09-13T21:59:32","slug":"9134-2","status":"publish","type":"post","link":"https:\/\/blogs.correiobraziliense.com.br\/vicente\/9134-2\/","title":{"rendered":"Para equipe econ\u00f4mica, magistrados v\u00e3o manter aux\u00edlio-moradia"},"content":{"rendered":"<h2>Integrantes da equipe econ\u00f4mica admitem que ju\u00edzes e ministros do Supremo Tribunal Federal (STF) manter\u00e3o o aux\u00edlio-moradia intacto, mesmo recebendo o aumento de 16,38% que dever\u00e1 ser aprovado pelo Congresso ainda neste ano. O benef\u00edcio custa quase R$ 1 bilh\u00e3o por ano.<\/h2>\n<p>&nbsp;<\/p>\n<p><strong>Acordo furado<\/strong><\/p>\n<p>&nbsp;<\/p>\n<p>Para os t\u00e9cnicos, o acordo fechado entre ministros do STF e o presidente Michel Temer para garantir o aumento de sal\u00e1rios, em troca do fim do aux\u00edlio-moradia, foi uma jogada de marketing. Ser\u00e1 preciso muita press\u00e3o para que o benef\u00edcio acabe.<\/p>\n<p>&nbsp;<\/p>\n<p><strong>For\u00e7a de Toffoli<\/strong><\/p>\n<p>&nbsp;<\/p>\n<p>Com Dias Toffoli \u00e0 frente do Supremo \u2014 ele tomou posse nesta quinta-feira (13\/05) \u2014 as regalias a magistrados tender\u00e3o a ser mantidas. Ele n\u00e3o est\u00e1 disposto a comprar briga com membros do Judici\u00e1rio. Toffoli, por sinal, foi um dos ministros do STF que negociaram com Temer o aumento de 16,38% para o Judici\u00e1rio e a grande leva de servidores p\u00fablicos que recebem o teto do funcionalismo.<\/p>\n<p>&nbsp;<\/p>\n<p>O reajuste do Judici\u00e1rio, com todo o seu efeito cascata, custar\u00e1 mais de R$ 4 bilh\u00f5es por ano, dinheiro que poderia ser destinado para projetos nas \u00e1reas de sa\u00fade, educa\u00e7\u00e3o e seguran\u00e7a p\u00fablica, as mais demandadas pela popula\u00e7\u00e3o.<\/p>\n<p>&nbsp;<\/p>\n<p><em>Bras\u00edlia, 18h01min<\/em><\/p>\n","protected":false},"excerpt":{"rendered":"<p>Integrantes da equipe econ\u00f4mica admitem que ju\u00edzes e ministros do Supremo Tribunal Federal (STF) manter\u00e3o o aux\u00edlio-moradia intacto, mesmo recebendo o aumento de 16,38% que dever\u00e1 ser aprovado pelo Congresso ainda neste ano. O benef\u00edcio custa quase R$ 1 bilh\u00e3o por ano. &nbsp; Acordo furado &nbsp; Para os t\u00e9cnicos, o acordo fechado entre ministros do [&hellip;]<\/p>\n","protected":false},"author":22,"featured_media":0,"comment_status":"open","ping_status":"closed","sticky":false,"template":"","format":"standard","meta":{"footnotes":""},"categories":[600],"tags":[],"class_list":["post-9134","post","type-post","status-publish","format-standard","hentry","category-economia"],"_links":{"self":[{"href":"https:\/\/blogs.correiobraziliense.com.br\/vicente\/wp-json\/wp\/v2\/posts\/9134","targetHints":{"allow":["GET"]}}],"collection":[{"href":"https:\/\/blogs.correiobraziliense.com.br\/vicente\/wp-json\/wp\/v2\/posts"}],"about":[{"href":"https:\/\/blogs.correiobraziliense.com.br\/vicente\/wp-json\/wp\/v2\/types\/post"}],"author":[{"embeddable":true,"href":"https:\/\/blogs.correiobraziliense.com.br\/vicente\/wp-json\/wp\/v2\/users\/22"}],"replies":[{"embeddable":true,"href":"https:\/\/blogs.correiobraziliense.com.br\/vicente\/wp-json\/wp\/v2\/comments?post=9134"}],"version-history":[{"count":1,"href":"https:\/\/blogs.correiobraziliense.com.br\/vicente\/wp-json\/wp\/v2\/posts\/9134\/revisions"}],"predecessor-version":[{"id":9135,"href":"https:\/\/blogs.correiobraziliense.com.br\/vicente\/wp-json\/wp\/v2\/posts\/9134\/revisions\/9135"}],"wp:attachment":[{"href":"https:\/\/blogs.correiobraziliense.com.br\/vicente\/wp-json\/wp\/v2\/media?parent=9134"}],"wp:term":[{"taxonomy":"category","embeddable":true,"href":"https:\/\/blogs.correiobraziliense.com.br\/vicente\/wp-json\/wp\/v2\/categories?post=9134"},{"taxonomy":"post_tag","embeddable":true,"href":"https:\/\/blogs.correiobraziliense.com.br\/vicente\/wp-json\/wp\/v2\/tags?post=9134"}],"curies":[{"name":"wp","href":"https:\/\/api.w.org\/{rel}","templated":true}]}}