{"id":9131,"date":"2018-09-13T06:54:56","date_gmt":"2018-09-13T09:54:56","guid":{"rendered":"https:\/\/blogs.correiobraziliense.com.br\/vicente\/?p=9131"},"modified":"2018-09-13T10:59:53","modified_gmt":"2018-09-13T13:59:53","slug":"correio-economico-para-onde-vao-os-votos-de-marina","status":"publish","type":"post","link":"https:\/\/blogs.correiobraziliense.com.br\/vicente\/correio-economico-para-onde-vao-os-votos-de-marina\/","title":{"rendered":"Correio Econ\u00f4mico: Para onde v\u00e3o os votos de Marina"},"content":{"rendered":"<h2>Diante dos riscos trazidos pelas elei\u00e7\u00f5es, os investidores est\u00e3o esmiu\u00e7ando todos os n\u00fameros das pesquisas eleitorais. A determina\u00e7\u00e3o nas mesas de opera\u00e7\u00f5es de bancos e corretoras \u00e9 de n\u00e3o deixar passar um dado sequer que possa resultar em preju\u00edzos. Com proje\u00e7\u00f5es nas m\u00e3os, os analistas dizem que s\u00e3o muito pequenas as chances de Jair Bolsonaro, do PSL, vencer a disputa no primeiro turno, como v\u00eam alardeando seus aliados. Para que isso ocorresse, ele teria que conquistar mais 15,8 milh\u00f5es de votos, um aumento de 62% sobre o total que as pesquisas dizem que ele j\u00e1 tem.<\/h2>\n<p>&nbsp;<\/p>\n<p>Para um candidato com \u00edndices de rejei\u00e7\u00e3o acima de 40%, \u00e9 muito dif\u00edcil agregar tantos votos num curto espa\u00e7o de tempo. Faltam pouco mais de tr\u00eas semanas para os eleitores depositarem os votos nas urnas. A onda Bolsonaro, iniciada depois do atentado em que ele foi esfaqueado, j\u00e1 produziu a maior parte do efeito positivo esperado por seus estrategistas. Agora, a tend\u00eancia \u00e9 de estagna\u00e7\u00e3o ou mesmo de perda de votos, pois a como\u00e7\u00e3o tender\u00e1 a passar. E os concorrentes est\u00e3o partindo com tudo para cima do capit\u00e3o reformado do Ex\u00e9rcito, ressaltando o discurso radical ostentado por ele.<\/p>\n<p>&nbsp;<\/p>\n<blockquote><p>&#8220;Nos c\u00e1lculos dos investidores, Bolsonaro precisa de 15,8 milh\u00f5es de votos para vencer no primeiro turno, o que \u00e9 imposs\u00edvel de ser conquistado em tempo t\u00e3o curto. Todos querem saber para onde ir\u00e3o os eleitores da candidata da Rede&#8221;<\/p><\/blockquote>\n<p>&nbsp;<\/p>\n<p>Em meio \u00e0s dezenas de planilhas com an\u00e1lises e proje\u00e7\u00f5es, a grande pergunta que atormenta os analistas tem a ver com Marina Silva, da Rede. A candidata come\u00e7ou a campanha com chances de ir para o segundo turno das elei\u00e7\u00f5es, mas vem derretendo. O que todos querem saber \u00e9 para onde ir\u00e3o os votos de Marina, que, segundo as pesquisas, oscila entre 11% e 13% da prefer\u00eancia do eleitorado. Se o desmanche da candidata da Rede continuar, seus eleitores \u2014 mais moderados \u2014 tender\u00e3o a ir para Ciro Gomes, do PDT, que vem se fortalecendo, para Fernando Haddad, do PT, agora, efetivado como cabe\u00e7a de chapa, ou para Geraldo Alckmin, do PSDB, que n\u00e3o decola, mesmo tendo quase a metade do tempo da propaganda de r\u00e1dio e tev\u00ea?<\/p>\n<p>&nbsp;<\/p>\n<p>Marina n\u00e3o conseguiu emplacar uma campanha consistente. Com pouqu\u00edssimo tempo de tev\u00ea, por n\u00e3o ter feito alian\u00e7as mais amplas, perdeu o discurso. Ela contou, de in\u00edcio, com o recall de elei\u00e7\u00f5es passadas. Contudo, numa disputa t\u00e3o acirrada como a atual, em que os extremos est\u00e3o prevalecendo, perdeu brilho. Ser\u00e1 o seu pior desempenho nas tr\u00eas disputas pela Presid\u00eancia das quais participou. Mesmo menor, ter\u00e1 seu apoio requisitado em um segundo turno. N\u00e3o h\u00e1 a menor chance de ela se juntar a Bolsonaro. Tamb\u00e9m ficar\u00e1 complicado para ela estender a m\u00e3o a Haddad, depois de chamar Lula de corrupto e de ter apoiado, abertamente, o impeachment de Dilma Rousseff.<\/p>\n<p>&nbsp;<\/p>\n<p><strong>Sem constrangimento<\/strong><\/p>\n<p>&nbsp;<\/p>\n<p>Os donos do dinheiro sempre sonharam com Alckmin no Pal\u00e1cio do Planalto, mas est\u00e3o convencidos de que o tucano perdeu o bonde. Ele vinha prometendo deslanchar nas pesquisas depois do in\u00edcio da propaganda no r\u00e1dio e na tev\u00ea. Subiu alguns pontos na prefer\u00eancia do eleitorado, mas n\u00e3o o suficiente para empolgar seus aliados. Alguns, inclusive, j\u00e1 jogaram a toalha e est\u00e3o se concentrando nas disputas estaduais. Diante desse quadro, \u00e9 poss\u00edvel que o Centr\u00e3o, grupo que re\u00fane os partidos mais fisiol\u00f3gicos do Congresso, libere o desembarque da campanha de Alckmin sem qualquer constrangimento.<\/p>\n<p>&nbsp;<\/p>\n<p>Para os investidores, Alckmin seria a garantia de que o Brasil conseguiria fazer uma travessia mais tranquila pelos pr\u00f3ximos quatro anos. H\u00e1 desafios enormes que precisam ser enfrentados, que tanto a extrema direita quanto a esquerda mais radical n\u00e3o est\u00e3o dispostas a encarar, at\u00e9 por falta de entendimento da gravidade da situa\u00e7\u00e3o. Com o tucano estagnado nas pesquisas e o tempo correndo, o mercado est\u00e1 se apegando ao que considera o menos pior do ponto de vista econ\u00f4mico. \u201cA torcida \u00e9 para que os brasileiros caiam na real a tempo e se deem conta do alto risco de eleger um dos extremos. Hoje, infelizmente, n\u00e3o vejo possibilidade de mudan\u00e7a de posi\u00e7\u00e3o. Por\u00e9m, n\u00e3o se pode descartar o voto \u00fatil de \u00faltima hora\u201d, diz um executivo de um banco estrangeiro.<\/p>\n<p>&nbsp;<\/p>\n<p>No quadro mais sombrio tra\u00e7ado pelos investidores, est\u00e1 no horizonte a possibilidade de o pr\u00f3ximo presidente n\u00e3o terminar o mandato. Bolsonaro diz que governar\u00e1 sem o Congresso. Haddad e Ciro pregam medidas semelhantes \u00e0s adotadas por Dilma Rousseff e que empurraram o Brasil para uma das mais severas recess\u00f5es da hist\u00f3ria. Ou seja, as elei\u00e7\u00f5es est\u00e3o carregadas de riscos para o pa\u00eds. Portanto, quanto mais conscientes da situa\u00e7\u00e3o os eleitores estiverem quando forem \u00e0s urnas, menores ser\u00e3o as chances de um desastre se consumar mais \u00e0 frente. Ainda d\u00e1 tempo de evitar o pior.<\/p>\n<p>&nbsp;<\/p>\n<p><em>Bras\u00edlia, 06h54min<\/em><\/p>\n","protected":false},"excerpt":{"rendered":"<p>Diante dos riscos trazidos pelas elei\u00e7\u00f5es, os investidores est\u00e3o esmiu\u00e7ando todos os n\u00fameros das pesquisas eleitorais. A determina\u00e7\u00e3o nas mesas de opera\u00e7\u00f5es de bancos e corretoras \u00e9 de n\u00e3o deixar passar um dado sequer que possa resultar em preju\u00edzos. Com proje\u00e7\u00f5es nas m\u00e3os, os analistas dizem que s\u00e3o muito pequenas as chances de Jair Bolsonaro, [&hellip;]<\/p>\n","protected":false},"author":22,"featured_media":0,"comment_status":"open","ping_status":"closed","sticky":false,"template":"","format":"standard","meta":{"footnotes":""},"categories":[600],"tags":[2554,665,199,3604,2691],"class_list":["post-9131","post","type-post","status-publish","format-standard","hentry","category-economia","tag-bolsonaro","tag-eleicoes","tag-investidores","tag-marina","tag-votos"],"_links":{"self":[{"href":"https:\/\/blogs.correiobraziliense.com.br\/vicente\/wp-json\/wp\/v2\/posts\/9131","targetHints":{"allow":["GET"]}}],"collection":[{"href":"https:\/\/blogs.correiobraziliense.com.br\/vicente\/wp-json\/wp\/v2\/posts"}],"about":[{"href":"https:\/\/blogs.correiobraziliense.com.br\/vicente\/wp-json\/wp\/v2\/types\/post"}],"author":[{"embeddable":true,"href":"https:\/\/blogs.correiobraziliense.com.br\/vicente\/wp-json\/wp\/v2\/users\/22"}],"replies":[{"embeddable":true,"href":"https:\/\/blogs.correiobraziliense.com.br\/vicente\/wp-json\/wp\/v2\/comments?post=9131"}],"version-history":[{"count":1,"href":"https:\/\/blogs.correiobraziliense.com.br\/vicente\/wp-json\/wp\/v2\/posts\/9131\/revisions"}],"predecessor-version":[{"id":9132,"href":"https:\/\/blogs.correiobraziliense.com.br\/vicente\/wp-json\/wp\/v2\/posts\/9131\/revisions\/9132"}],"wp:attachment":[{"href":"https:\/\/blogs.correiobraziliense.com.br\/vicente\/wp-json\/wp\/v2\/media?parent=9131"}],"wp:term":[{"taxonomy":"category","embeddable":true,"href":"https:\/\/blogs.correiobraziliense.com.br\/vicente\/wp-json\/wp\/v2\/categories?post=9131"},{"taxonomy":"post_tag","embeddable":true,"href":"https:\/\/blogs.correiobraziliense.com.br\/vicente\/wp-json\/wp\/v2\/tags?post=9131"}],"curies":[{"name":"wp","href":"https:\/\/api.w.org\/{rel}","templated":true}]}}