{"id":9128,"date":"2018-09-12T20:06:14","date_gmt":"2018-09-12T23:06:14","guid":{"rendered":"https:\/\/blogs.correiobraziliense.com.br\/vicente\/?p=9128"},"modified":"2018-09-12T20:18:23","modified_gmt":"2018-09-12T23:18:23","slug":"contra-haddad-ciro-faz-quatro-aliancas-com-centrais-sindicais","status":"publish","type":"post","link":"https:\/\/blogs.correiobraziliense.com.br\/vicente\/contra-haddad-ciro-faz-quatro-aliancas-com-centrais-sindicais\/","title":{"rendered":"Contra Haddad, Ciro faz quatro alian\u00e7as com centrais sindicais"},"content":{"rendered":"<h2>RODOLFO COSTA<\/h2>\n<h2><\/h2>\n<h2>O candidato Ciro Gomes, do PDT, conseguiu quatro importantes refor\u00e7os para confrontar Fernando Haddad, do PT, pelo voto na esquerda. Grande parte dos dirigentes da For\u00e7a Sindical, CSB, UGT e Nova Central fecharam alian\u00e7a com o pedetista. CUT, ligada ao PT, e CTB, ligada ao PCdoB, apoiam o petista. Para 21 de setembro, as centrais fi\u00e9is a Ciro prometem um ato em S\u00e3o Paulo, onde confirmar\u00e3o expressamente o suporte.<\/h2>\n<p>&nbsp;<\/p>\n<p>A avalia\u00e7\u00e3o de sindicalistas do alto escal\u00e3o \u00e9 de que o pedetista tem uma agenda progressista mais contundente que a de Haddad. Eles ainda ressaltam que Ciro est\u00e1 h\u00e1 mais tempo na campanha e veem nele uma capacidade maior de puxar votos de indecisos em rela\u00e7\u00e3o ao petista. \u201cEle est\u00e1 h\u00e1 mais tempo se posicionando contra a reforma trabalhista, o teto dos gastos, e a valoriza\u00e7\u00e3o da classe trabalhadora\u201d, ponderou um dirigente da CSB.<\/p>\n<p>&nbsp;<\/p>\n<p>O apoio, no entanto, n\u00e3o \u00e9 un\u00edssono. As centrais prezam pela pluralidade de ideias e liberaram apoio para diferentes candidatos. Na CSB, por exemplo, h\u00e1 lideran\u00e7as que apoiam Haddad e outras que s\u00e3o fi\u00e9is a Ciro. Na For\u00e7a Sindical, a divis\u00e3o ainda \u00e9 maior. Devido \u00e0 coliga\u00e7\u00e3o do Solidariedade com o PSDB, do candidato Geraldo Alckmin, h\u00e1 quem esteja com os tucanos. O presidente da legenda, Paulinho da For\u00e7a Sindical, \u00e9 o mandat\u00e1rio da central.<\/p>\n<p>&nbsp;<\/p>\n<p>A disputa entre Ciro e Haddad pelos votos da esquerda n\u00e3o preocupam os apoiadores do pedetista. Eles entendem que a imagem do ex-presidente Luiz In\u00e1cio Lula da Silva ultrapassa a do pr\u00f3prio PT, e que isso pode favorecer o petista, mas negam voltar atr\u00e1s. \u201cHaddad foi apoiado pelo pr\u00f3prio Ciro e perdeu a reelei\u00e7\u00e3o para Jo\u00e3o D\u00f3ria nas elei\u00e7\u00f5es municipais (de 2016). At\u00e9 os votos brancos e nulos o superaram. Ciro \u00e9 um nome mais preparado para conquistar os indecisos\u201d, sustentou um dirigente da For\u00e7a Sindical.<\/p>\n<p>&nbsp;<\/p>\n<p><em>Bras\u00edlia, 20h01min<\/em><\/p>\n","protected":false},"excerpt":{"rendered":"<p>RODOLFO COSTA O candidato Ciro Gomes, do PDT, conseguiu quatro importantes refor\u00e7os para confrontar Fernando Haddad, do PT, pelo voto na esquerda. Grande parte dos dirigentes da For\u00e7a Sindical, CSB, UGT e Nova Central fecharam alian\u00e7a com o pedetista. CUT, ligada ao PT, e CTB, ligada ao PCdoB, apoiam o petista. Para 21 de setembro, [&hellip;]<\/p>\n","protected":false},"author":22,"featured_media":0,"comment_status":"open","ping_status":"closed","sticky":false,"template":"","format":"standard","meta":{"footnotes":""},"categories":[600],"tags":[2938,2412,665,2739,3603],"class_list":["post-9128","post","type-post","status-publish","format-standard","hentry","category-economia","tag-apoio","tag-ciro-gomes","tag-eleicoes","tag-haddad","tag-sindicatos"],"_links":{"self":[{"href":"https:\/\/blogs.correiobraziliense.com.br\/vicente\/wp-json\/wp\/v2\/posts\/9128","targetHints":{"allow":["GET"]}}],"collection":[{"href":"https:\/\/blogs.correiobraziliense.com.br\/vicente\/wp-json\/wp\/v2\/posts"}],"about":[{"href":"https:\/\/blogs.correiobraziliense.com.br\/vicente\/wp-json\/wp\/v2\/types\/post"}],"author":[{"embeddable":true,"href":"https:\/\/blogs.correiobraziliense.com.br\/vicente\/wp-json\/wp\/v2\/users\/22"}],"replies":[{"embeddable":true,"href":"https:\/\/blogs.correiobraziliense.com.br\/vicente\/wp-json\/wp\/v2\/comments?post=9128"}],"version-history":[{"count":2,"href":"https:\/\/blogs.correiobraziliense.com.br\/vicente\/wp-json\/wp\/v2\/posts\/9128\/revisions"}],"predecessor-version":[{"id":9130,"href":"https:\/\/blogs.correiobraziliense.com.br\/vicente\/wp-json\/wp\/v2\/posts\/9128\/revisions\/9130"}],"wp:attachment":[{"href":"https:\/\/blogs.correiobraziliense.com.br\/vicente\/wp-json\/wp\/v2\/media?parent=9128"}],"wp:term":[{"taxonomy":"category","embeddable":true,"href":"https:\/\/blogs.correiobraziliense.com.br\/vicente\/wp-json\/wp\/v2\/categories?post=9128"},{"taxonomy":"post_tag","embeddable":true,"href":"https:\/\/blogs.correiobraziliense.com.br\/vicente\/wp-json\/wp\/v2\/tags?post=9128"}],"curies":[{"name":"wp","href":"https:\/\/api.w.org\/{rel}","templated":true}]}}