{"id":9120,"date":"2018-09-11T10:51:56","date_gmt":"2018-09-11T13:51:56","guid":{"rendered":"https:\/\/blogs.correiobraziliense.com.br\/vicente\/?p=9120"},"modified":"2018-09-11T10:51:56","modified_gmt":"2018-09-11T13:51:56","slug":"dolar-e-bolsa-reagem-negativamente-apos-divulgacao-de-pesquisas-eleitorais","status":"publish","type":"post","link":"https:\/\/blogs.correiobraziliense.com.br\/vicente\/dolar-e-bolsa-reagem-negativamente-apos-divulgacao-de-pesquisas-eleitorais\/","title":{"rendered":"D\u00f3lar e Bolsa reagem negativamente ap\u00f3s divulga\u00e7\u00e3o de pesquisas eleitorais"},"content":{"rendered":"<h2>HAMILTON FERRARI<\/h2>\n<h2><\/h2>\n<h2>O d\u00f3lar opera em alta e o Ibovespa, principal \u00edndice da Bolsa de Valores de S\u00e3o Paulo (B3), registra queda na manh\u00e3 desta ter\u00e7a-feira (11\/9). De acordo com analistas, h\u00e1 eleva\u00e7\u00e3o das incertezas no cen\u00e1rio econ\u00f4mico externo e interno. No Brasil, os investidores reagem negativamente \u00e0s pesquisas de inten\u00e7\u00e3o de votos de candidatos \u00e0 Presid\u00eancia da Rep\u00fablica.<\/h2>\n<p>&nbsp;<\/p>\n<p>\u00c0s 10h44, o d\u00f3lar estava em alta de 1,54%, aos R$ 4,16. O Ibovespa, por sua vez, caia 1,68%, cotado aos 75.154 pontos.<\/p>\n<p>&nbsp;<\/p>\n<p>As pesquisas do Datafolha e do BTG\/FSB mostraram que, apesar de uma melhora de Jair Bolsonaro (PSL) nos \u00edndices do primeiro turno, o aumento da rejei\u00e7\u00e3o do candidato faz com que ele perca na maioria dos cen\u00e1rios da segunda etapa do pleito.<\/p>\n<p>&nbsp;<\/p>\n<p>Bolsonaro n\u00e3o \u00e9 unanimidade no mercado, mas os investidores v\u00eam risco de que Ciro Gomes (PDT) ou Fernando Haddad (PT) cres\u00e7am ainda mais nas pesquisas. Ambos s\u00e3o vistos como candidatos que podem \u201cdesarrumar a casa\u201d com pol\u00edticas de incentivos desenvolvimentistas, segundo economistas.<\/p>\n<p>&nbsp;<\/p>\n<p>Geraldo Alckmin (PSDB), que seria o mais preparado para tocar a agenda de reformas, na interpreta\u00e7\u00e3o de analistas, est\u00e1 empatado em segundo lugar com Ciro, Haddad e Marina Silva (Rede). Apesar da posi\u00e7\u00e3o, o tucano anda de lado nas pesquisas.<\/p>\n<p>&nbsp;<\/p>\n<p>O Datafolha mostrou que Haddad saiu de 4% para 9%, enquanto Ciro passou de 10% para 13%. Num segundo turno, o petista fica empatado estatisticamente com Bolsonaro. J\u00e1 o pedetista ganha por 10 pontos percentuais de diferen\u00e7a. Ou seja, caso um dos dois v\u00e1 para a segunda fase do pleito, o mercado v\u00ea grandes riscos para a economia.<\/p>\n<p>&nbsp;<\/p>\n<p>Os investidores atuam com incertezas. Analistas afirmam que as pesquisas v\u00e3o na contram\u00e3o do que o mercado espera. Al\u00e9m disso, os ativos tamb\u00e9m s\u00e3o influenciados pela guerra comercial entre Estados Unidos e a China. A emissora americana CNBC aponta que o pa\u00eds asi\u00e1tico pediu autoriza\u00e7\u00e3o da Organiza\u00e7\u00e3o Mundial de Com\u00e9rcio (OMC) para impor novas san\u00e7\u00f5es contra os norte-americanos.<\/p>\n<p>&nbsp;<\/p>\n<p><em>Bras\u00edlia, 10h47min<\/em><\/p>\n","protected":false},"excerpt":{"rendered":"<p>HAMILTON FERRARI O d\u00f3lar opera em alta e o Ibovespa, principal \u00edndice da Bolsa de Valores de S\u00e3o Paulo (B3), registra queda na manh\u00e3 desta ter\u00e7a-feira (11\/9). De acordo com analistas, h\u00e1 eleva\u00e7\u00e3o das incertezas no cen\u00e1rio econ\u00f4mico externo e interno. No Brasil, os investidores reagem negativamente \u00e0s pesquisas de inten\u00e7\u00e3o de votos de candidatos [&hellip;]<\/p>\n","protected":false},"author":22,"featured_media":0,"comment_status":"open","ping_status":"closed","sticky":false,"template":"","format":"standard","meta":{"footnotes":""},"categories":[600],"tags":[343,665,3053,753,2921],"class_list":["post-9120","post","type-post","status-publish","format-standard","hentry","category-economia","tag-dolar","tag-eleicoes","tag-ibovespa","tag-mercado","tag-pesquisas"],"_links":{"self":[{"href":"https:\/\/blogs.correiobraziliense.com.br\/vicente\/wp-json\/wp\/v2\/posts\/9120","targetHints":{"allow":["GET"]}}],"collection":[{"href":"https:\/\/blogs.correiobraziliense.com.br\/vicente\/wp-json\/wp\/v2\/posts"}],"about":[{"href":"https:\/\/blogs.correiobraziliense.com.br\/vicente\/wp-json\/wp\/v2\/types\/post"}],"author":[{"embeddable":true,"href":"https:\/\/blogs.correiobraziliense.com.br\/vicente\/wp-json\/wp\/v2\/users\/22"}],"replies":[{"embeddable":true,"href":"https:\/\/blogs.correiobraziliense.com.br\/vicente\/wp-json\/wp\/v2\/comments?post=9120"}],"version-history":[{"count":1,"href":"https:\/\/blogs.correiobraziliense.com.br\/vicente\/wp-json\/wp\/v2\/posts\/9120\/revisions"}],"predecessor-version":[{"id":9121,"href":"https:\/\/blogs.correiobraziliense.com.br\/vicente\/wp-json\/wp\/v2\/posts\/9120\/revisions\/9121"}],"wp:attachment":[{"href":"https:\/\/blogs.correiobraziliense.com.br\/vicente\/wp-json\/wp\/v2\/media?parent=9120"}],"wp:term":[{"taxonomy":"category","embeddable":true,"href":"https:\/\/blogs.correiobraziliense.com.br\/vicente\/wp-json\/wp\/v2\/categories?post=9120"},{"taxonomy":"post_tag","embeddable":true,"href":"https:\/\/blogs.correiobraziliense.com.br\/vicente\/wp-json\/wp\/v2\/tags?post=9120"}],"curies":[{"name":"wp","href":"https:\/\/api.w.org\/{rel}","templated":true}]}}