{"id":9111,"date":"2018-09-04T20:13:02","date_gmt":"2018-09-04T23:13:02","guid":{"rendered":"https:\/\/blogs.correiobraziliense.com.br\/vicente\/?p=9111"},"modified":"2018-09-04T21:34:37","modified_gmt":"2018-09-05T00:34:37","slug":"bb-distribuira-r-732-milhoes-de-seu-lucro-empregados","status":"publish","type":"post","link":"https:\/\/blogs.correiobraziliense.com.br\/vicente\/bb-distribuira-r-732-milhoes-de-seu-lucro-empregados\/","title":{"rendered":"BB distribuir\u00e1 R$ 732 milh\u00f5es de seu lucro a empregados"},"content":{"rendered":"<h2>GABRIEL PONTE<\/h2>\n<h2><\/h2>\n<h2>Surfando na onda dos memes, o presidente do Banco do Brasil (BB), Paulo Rog\u00e9rio Caffarelli, anunciou, nesta ter\u00e7a (04\/09), a distribui\u00e7\u00e3o de R$ 732 milh\u00f5es aos mais de 100 mil funcion\u00e1rios da institui\u00e7\u00e3o referentes \u00e0 Participa\u00e7\u00e3o dos Lucros e Resultados (PLR) do primeiro semestre. O repasse ocorrer\u00e1 na quinta-feira (06\/09).<\/h2>\n<p>&nbsp;<\/p>\n<p><a href=\"https:\/\/blogs.correiobraziliense.com.br\/vicente\/wp-content\/uploads\/sites\/16\/2018\/09\/MemeBB.jpg\" rel=\"attachment wp-att-9112\"><img loading=\"lazy\" decoding=\"async\" class=\"alignnone size-full wp-image-9112\" src=\"https:\/\/blogs.correiobraziliense.com.br\/vicente\/wp-content\/uploads\/sites\/16\/2018\/09\/MemeBB.jpg\" alt=\"MemeBB\" width=\"715\" height=\"635\" srcset=\"https:\/\/blogs.correiobraziliense.com.br\/vicente\/wp-content\/uploads\/sites\/16\/2018\/09\/MemeBB.jpg 715w, https:\/\/blogs.correiobraziliense.com.br\/vicente\/wp-content\/uploads\/sites\/16\/2018\/09\/MemeBB-300x266.jpg 300w, https:\/\/blogs.correiobraziliense.com.br\/vicente\/wp-content\/uploads\/sites\/16\/2018\/09\/MemeBB-350x311.jpg 350w, https:\/\/blogs.correiobraziliense.com.br\/vicente\/wp-content\/uploads\/sites\/16\/2018\/09\/MemeBB-550x488.jpg 550w, https:\/\/blogs.correiobraziliense.com.br\/vicente\/wp-content\/uploads\/sites\/16\/2018\/09\/MemeBB-230x204.jpg 230w\" sizes=\"auto, (max-width: 715px) 100vw, 715px\" \/><\/a><\/p>\n<p>&nbsp;<\/p>\n<p>Segundo o bilhete, inspirado em meme da internet, o funcion\u00e1rio \u201cpode contar com a PLR antes do feriado. \u00c9 verdade esse bilhete. Assinado: Caffarelli\u201d. De acordo com o BB, conforme acordado com entidades sindicais representativas, o pagamento da participa\u00e7\u00e3o nos lucros ocorreria o mais breve poss\u00edvel.<\/p>\n<p>&nbsp;<\/p>\n<p>No primeiro semestre, o lucro l\u00edquido cont\u00e1bil do Banco do Brasil, usado como refer\u00eancia para a remunera\u00e7\u00e3o dos acionistas e a reparti\u00e7\u00e3o com os funcion\u00e1rios, atingiu R$ 5,883 bilh\u00f5es, um aumento de 16,2% na compara\u00e7\u00e3o com o mesmo per\u00edodo do ano passado.<\/p>\n<p>&nbsp;<\/p>\n<p><em>Bras\u00edlia, 20h13min<\/em><\/p>\n","protected":false},"excerpt":{"rendered":"<p>GABRIEL PONTE Surfando na onda dos memes, o presidente do Banco do Brasil (BB), Paulo Rog\u00e9rio Caffarelli, anunciou, nesta ter\u00e7a (04\/09), a distribui\u00e7\u00e3o de R$ 732 milh\u00f5es aos mais de 100 mil funcion\u00e1rios da institui\u00e7\u00e3o referentes \u00e0 Participa\u00e7\u00e3o dos Lucros e Resultados (PLR) do primeiro semestre. O repasse ocorrer\u00e1 na quinta-feira (06\/09). &nbsp; &nbsp; Segundo [&hellip;]<\/p>\n","protected":false},"author":22,"featured_media":0,"comment_status":"open","ping_status":"closed","sticky":false,"template":"","format":"standard","meta":{"footnotes":""},"categories":[600],"tags":[],"class_list":["post-9111","post","type-post","status-publish","format-standard","hentry","category-economia"],"_links":{"self":[{"href":"https:\/\/blogs.correiobraziliense.com.br\/vicente\/wp-json\/wp\/v2\/posts\/9111","targetHints":{"allow":["GET"]}}],"collection":[{"href":"https:\/\/blogs.correiobraziliense.com.br\/vicente\/wp-json\/wp\/v2\/posts"}],"about":[{"href":"https:\/\/blogs.correiobraziliense.com.br\/vicente\/wp-json\/wp\/v2\/types\/post"}],"author":[{"embeddable":true,"href":"https:\/\/blogs.correiobraziliense.com.br\/vicente\/wp-json\/wp\/v2\/users\/22"}],"replies":[{"embeddable":true,"href":"https:\/\/blogs.correiobraziliense.com.br\/vicente\/wp-json\/wp\/v2\/comments?post=9111"}],"version-history":[{"count":4,"href":"https:\/\/blogs.correiobraziliense.com.br\/vicente\/wp-json\/wp\/v2\/posts\/9111\/revisions"}],"predecessor-version":[{"id":9116,"href":"https:\/\/blogs.correiobraziliense.com.br\/vicente\/wp-json\/wp\/v2\/posts\/9111\/revisions\/9116"}],"wp:attachment":[{"href":"https:\/\/blogs.correiobraziliense.com.br\/vicente\/wp-json\/wp\/v2\/media?parent=9111"}],"wp:term":[{"taxonomy":"category","embeddable":true,"href":"https:\/\/blogs.correiobraziliense.com.br\/vicente\/wp-json\/wp\/v2\/categories?post=9111"},{"taxonomy":"post_tag","embeddable":true,"href":"https:\/\/blogs.correiobraziliense.com.br\/vicente\/wp-json\/wp\/v2\/tags?post=9111"}],"curies":[{"name":"wp","href":"https:\/\/api.w.org\/{rel}","templated":true}]}}