{"id":9107,"date":"2018-09-03T21:01:30","date_gmt":"2018-09-04T00:01:30","guid":{"rendered":"https:\/\/blogs.correiobraziliense.com.br\/vicente\/?p=9107"},"modified":"2018-09-03T21:49:43","modified_gmt":"2018-09-04T00:49:43","slug":"bb-vai-leiloar-terreno-no-df-avaliado-em-r-42-milhoes","status":"publish","type":"post","link":"https:\/\/blogs.correiobraziliense.com.br\/vicente\/bb-vai-leiloar-terreno-no-df-avaliado-em-r-42-milhoes\/","title":{"rendered":"BB vai leiloar terreno no DF avaliado em R$ 42 milh\u00f5es"},"content":{"rendered":"<h2>GABRIEL PONTE<\/h2>\n<h2><\/h2>\n<h2>O Banco do Brasil colocar\u00e1 em leil\u00e3o nesta quarta-feira (05\/09) aquela que \u00e9 considerada \u00faltima proje\u00e7\u00e3o do Setor Banc\u00e1rio Sul, centro financeiro do Distrito Federal. O valor m\u00ednimo para participar do leil\u00e3o \u00e9 de R$ 41,999 milh\u00f5es. O leil\u00e3o ocorrer\u00e1 no Setor de Oficinas Norte (SOF\/Norte), Quadra 01, Conjunto A, Lote 08, \u00e0s 14h30. Poder\u00e3o concorrer pessoas f\u00edsicas e jur\u00eddicas. Para participar, n\u00e3o \u00e9 necess\u00e1rio cau\u00e7\u00e3o. O lance considerado vencedor ser\u00e1 o de maior valor.<\/h2>\n<h2><\/h2>\n<p>De acordo com Fernando Gon\u00e7alves, leiloeiro e intermediador da venda, as expectativas em rela\u00e7\u00e3o ao leil\u00e3o s\u00e3o altas. \u201c\u00c9 uma proje\u00e7\u00e3o que j\u00e1 n\u00e3o existe mais ali no Setor Banc\u00e1rio Sul. Assim, divulgamos e comunicamos aos empres\u00e1rios. As expectativas s\u00e3o as melhores poss\u00edveis, at\u00e9 em rela\u00e7\u00e3o a aumentar o valor\u201d, afirma.<\/p>\n<p>&nbsp;<\/p>\n<p>Segundo Gon\u00e7alves, o interessado em concorrer ao leil\u00e3o pode comparecer, presencialmente, ao local, ou via internet (goo.gl\/mAAayQ). O arrematante deve desembolsar um sinal de 5% do valor, ou seja, no m\u00ednimo de R$ 2.099.950 ap\u00f3s a compra e complementar o total dentro de um prazo de 30 dias. O comprador que decidir financiar a compra tamb\u00e9m ter\u00e1 30 dias para concluir o pagamento.<\/p>\n<p>&nbsp;<\/p>\n<p>Poder\u00e3o concorrer \u00e0 licita\u00e7\u00e3o pessoas f\u00edsicas ou jur\u00eddicas, associadas ou n\u00e3o, domiciliadas ou estabelecidas em qualquer parte do territ\u00f3rio nacional, com exce\u00e7\u00e3o das seguintes situa\u00e7\u00f5es:<\/p>\n<p>a) Caso sejam membros do Conselho de Administra\u00e7\u00e3o, da Diretoria Executiva ou do Conselho Fiscal do Banco do Brasil, bem assim integrantes da Comiss\u00e3o de Licita\u00e7\u00e3o;<\/p>\n<p>b) Se estiverem cumprindo a penalidade de suspens\u00e3o tempor\u00e1ria imposta pelo BB;<\/p>\n<p>c) Se forem declaradas inid\u00f4neas em qualquer esfera de governo;<\/p>\n<p>d) Se estiverem sob fal\u00eancia, concordata, recupera\u00e7\u00e3o judicial ou extrajudicial, dissolu\u00e7\u00e3o, liquida\u00e7\u00e3o, ou processo de execu\u00e7\u00e3o;<\/p>\n<p>e) Caso estejam impedidas de licitar e contratar com a Uni\u00e3o, durante o prazo da san\u00e7\u00e3o aplicada;<\/p>\n<p>f) Se n\u00e3o atenderem a todas as exig\u00eancias contidas do Edital e seus anexos.<\/p>\n<p>&nbsp;<\/p>\n<p>Em nota ao <strong>Blog<\/strong>, o Banco do Brasil afirma que a perspectiva em rela\u00e7\u00e3o ao leil\u00e3o \u00e9 boa. \u201cA expectativa do Banco do Brasil com o leil\u00e3o \u00e9 obter lance vencedor, preferencialmente com disputa entre interessados, e alienar o im\u00f3vel do seu patrim\u00f4nio. O Banco n\u00e3o tem informa\u00e7\u00f5es sobre eventuais interessados, visto que a promo\u00e7\u00e3o do leil\u00e3o fica \u00e0 cargo do leiloeiro oficial.\u201d<\/p>\n<p>&nbsp;<\/p>\n<p><em>Bras\u00edlia, 21h01min<\/em><\/p>\n","protected":false},"excerpt":{"rendered":"<p>GABRIEL PONTE O Banco do Brasil colocar\u00e1 em leil\u00e3o nesta quarta-feira (05\/09) aquela que \u00e9 considerada \u00faltima proje\u00e7\u00e3o do Setor Banc\u00e1rio Sul, centro financeiro do Distrito Federal. O valor m\u00ednimo para participar do leil\u00e3o \u00e9 de R$ 41,999 milh\u00f5es. O leil\u00e3o ocorrer\u00e1 no Setor de Oficinas Norte (SOF\/Norte), Quadra 01, Conjunto A, Lote 08, \u00e0s [&hellip;]<\/p>\n","protected":false},"author":22,"featured_media":0,"comment_status":"open","ping_status":"closed","sticky":false,"template":"","format":"standard","meta":{"footnotes":""},"categories":[600],"tags":[],"class_list":["post-9107","post","type-post","status-publish","format-standard","hentry","category-economia"],"_links":{"self":[{"href":"https:\/\/blogs.correiobraziliense.com.br\/vicente\/wp-json\/wp\/v2\/posts\/9107","targetHints":{"allow":["GET"]}}],"collection":[{"href":"https:\/\/blogs.correiobraziliense.com.br\/vicente\/wp-json\/wp\/v2\/posts"}],"about":[{"href":"https:\/\/blogs.correiobraziliense.com.br\/vicente\/wp-json\/wp\/v2\/types\/post"}],"author":[{"embeddable":true,"href":"https:\/\/blogs.correiobraziliense.com.br\/vicente\/wp-json\/wp\/v2\/users\/22"}],"replies":[{"embeddable":true,"href":"https:\/\/blogs.correiobraziliense.com.br\/vicente\/wp-json\/wp\/v2\/comments?post=9107"}],"version-history":[{"count":1,"href":"https:\/\/blogs.correiobraziliense.com.br\/vicente\/wp-json\/wp\/v2\/posts\/9107\/revisions"}],"predecessor-version":[{"id":9108,"href":"https:\/\/blogs.correiobraziliense.com.br\/vicente\/wp-json\/wp\/v2\/posts\/9107\/revisions\/9108"}],"wp:attachment":[{"href":"https:\/\/blogs.correiobraziliense.com.br\/vicente\/wp-json\/wp\/v2\/media?parent=9107"}],"wp:term":[{"taxonomy":"category","embeddable":true,"href":"https:\/\/blogs.correiobraziliense.com.br\/vicente\/wp-json\/wp\/v2\/categories?post=9107"},{"taxonomy":"post_tag","embeddable":true,"href":"https:\/\/blogs.correiobraziliense.com.br\/vicente\/wp-json\/wp\/v2\/tags?post=9107"}],"curies":[{"name":"wp","href":"https:\/\/api.w.org\/{rel}","templated":true}]}}