{"id":9100,"date":"2018-09-03T20:21:34","date_gmt":"2018-09-03T23:21:34","guid":{"rendered":"https:\/\/blogs.correiobraziliense.com.br\/vicente\/?p=9100"},"modified":"2018-09-04T12:22:48","modified_gmt":"2018-09-04T15:22:48","slug":"emprestimo-do-bndes-ao-museu-nacional-se-arrastava-desde-2015","status":"publish","type":"post","link":"https:\/\/blogs.correiobraziliense.com.br\/vicente\/emprestimo-do-bndes-ao-museu-nacional-se-arrastava-desde-2015\/","title":{"rendered":"Empr\u00e9stimo do BNDES ao Museu Nacional se arrastava desde 2015"},"content":{"rendered":"<h2>O descaso da burocracia com o Museu Nacional \u00e9 enorme. O projeto que deu base a um pedido de empr\u00e9stimo da institui\u00e7\u00e3o ao Banco Nacional de Desenvolvimento Econ\u00f4mico e Social (BNDES), liberado somente em junho deste ano, se arrasta desde outubro de 2015, ainda no governo de Dilma Rousseff.<\/h2>\n<p>&nbsp;<\/p>\n<p>O pedido foi encaminhado ao Comit\u00ea de Patrim\u00f4nio Cultural do BNDES, que analisa o m\u00e9rito do projeto, um m\u00eas depois de chegar ao banco. A aceita\u00e7\u00e3o do pedido de empr\u00e9stimo pelo comit\u00ea saiu em mar\u00e7o de 2016. Desde o in\u00edcio, por\u00e9m, o banco alertou para a fragilidade dos argumentos apresentados pela Universidade Federal do Rio de Janeiro (UFRJ), \u00e0 qual o museu est\u00e1 subordinado.<\/p>\n<p>&nbsp;<\/p>\n<p>O grande problema do setor p\u00fablico \u00e9 justamente esse: projetos ruins. Ao longo das negocia\u00e7\u00f5es, a UFRJ foi obrigada a apresentar um projeto efetivo de combate a inc\u00eandios, pois, na proposta original, esse item era tratado de forma superficial. Foram necess\u00e1rios quase tr\u00eas anos para que BNDES e UFRJ chegassem a um acordo e fosse fechado o financiamento de R$ 21,7 milh\u00f5es.<\/p>\n<p>&nbsp;<\/p>\n<p>Agora, com 90% dos acervos destru\u00eddos pelo inc\u00eandio que consumiu o Museu Nacional, o BNDES vai liberar um empr\u00e9stimo para a reconstru\u00e7\u00e3o da institui\u00e7\u00e3o. Nesta ter\u00e7a-feira (04\/09), o presidente do banco, Dyogo Oliveira, estar\u00e1 em Bras\u00edlia para participar de uma reuni\u00e3o com o presidente Michel Temer. Praticamente toda a c\u00fapula do governo foi convocada.<\/p>\n<p>&nbsp;<\/p>\n<p>O clima no governo \u00e9 de desalento. Como bem diz um ministro, n\u00e3o podia ter acontecido nada pior neste final de governo do que a destrui\u00e7\u00e3o do Museu Nacional. Apesar do descaso de administra\u00e7\u00f5es anteriores, todo o desgaste caiu no colo de Temer, que, se ressalte, tamb\u00e9m n\u00e3o fez nada mudar a realidade do museu.<\/p>\n<p>&nbsp;<\/p>\n<p>A percep\u00e7\u00e3o no Pal\u00e1cio do Planalto \u00e9 de que a como\u00e7\u00e3o provocada pelo inc\u00eandio do Museu Nacional enterrou de vez o governo Temer. Foi a p\u00e1 de cal em um presidente com a pior popularidade da hist\u00f3ria.<\/p>\n<p>&nbsp;<\/p>\n<p><em>Bras\u00edlia, 20h21min<\/em><\/p>\n","protected":false},"excerpt":{"rendered":"<p>O descaso da burocracia com o Museu Nacional \u00e9 enorme. O projeto que deu base a um pedido de empr\u00e9stimo da institui\u00e7\u00e3o ao Banco Nacional de Desenvolvimento Econ\u00f4mico e Social (BNDES), liberado somente em junho deste ano, se arrasta desde outubro de 2015, ainda no governo de Dilma Rousseff. &nbsp; O pedido foi encaminhado ao [&hellip;]<\/p>\n","protected":false},"author":22,"featured_media":0,"comment_status":"open","ping_status":"closed","sticky":false,"template":"","format":"standard","meta":{"footnotes":""},"categories":[600],"tags":[],"class_list":["post-9100","post","type-post","status-publish","format-standard","hentry","category-economia"],"_links":{"self":[{"href":"https:\/\/blogs.correiobraziliense.com.br\/vicente\/wp-json\/wp\/v2\/posts\/9100","targetHints":{"allow":["GET"]}}],"collection":[{"href":"https:\/\/blogs.correiobraziliense.com.br\/vicente\/wp-json\/wp\/v2\/posts"}],"about":[{"href":"https:\/\/blogs.correiobraziliense.com.br\/vicente\/wp-json\/wp\/v2\/types\/post"}],"author":[{"embeddable":true,"href":"https:\/\/blogs.correiobraziliense.com.br\/vicente\/wp-json\/wp\/v2\/users\/22"}],"replies":[{"embeddable":true,"href":"https:\/\/blogs.correiobraziliense.com.br\/vicente\/wp-json\/wp\/v2\/comments?post=9100"}],"version-history":[{"count":8,"href":"https:\/\/blogs.correiobraziliense.com.br\/vicente\/wp-json\/wp\/v2\/posts\/9100\/revisions"}],"predecessor-version":[{"id":9110,"href":"https:\/\/blogs.correiobraziliense.com.br\/vicente\/wp-json\/wp\/v2\/posts\/9100\/revisions\/9110"}],"wp:attachment":[{"href":"https:\/\/blogs.correiobraziliense.com.br\/vicente\/wp-json\/wp\/v2\/media?parent=9100"}],"wp:term":[{"taxonomy":"category","embeddable":true,"href":"https:\/\/blogs.correiobraziliense.com.br\/vicente\/wp-json\/wp\/v2\/categories?post=9100"},{"taxonomy":"post_tag","embeddable":true,"href":"https:\/\/blogs.correiobraziliense.com.br\/vicente\/wp-json\/wp\/v2\/tags?post=9100"}],"curies":[{"name":"wp","href":"https:\/\/api.w.org\/{rel}","templated":true}]}}