{"id":9098,"date":"2018-09-03T11:01:19","date_gmt":"2018-09-03T14:01:19","guid":{"rendered":"https:\/\/blogs.correiobraziliense.com.br\/vicente\/?p=9098"},"modified":"2018-09-03T11:59:47","modified_gmt":"2018-09-03T14:59:47","slug":"governo-pode-reabrir-prazo-para-adesao-de-servidores-ao-funpresp","status":"publish","type":"post","link":"https:\/\/blogs.correiobraziliense.com.br\/vicente\/governo-pode-reabrir-prazo-para-adesao-de-servidores-ao-funpresp\/","title":{"rendered":"Governo pode reabrir prazo para ades\u00e3o de servidores ao Funpresp"},"content":{"rendered":"<h2>Sem alarde, o governo est\u00e1 estudando a edi\u00e7\u00e3o de uma medida provis\u00f3ria para reabrir o prazo de migra\u00e7\u00e3o de servidores p\u00fablicos ao regime de previd\u00eancia complementar. O tema est\u00e1 presente nos corredores do Funpresp, o fundo de pens\u00e3o do funcionalismo federal, que entrou em vigor em 2013.<\/h2>\n<p>&nbsp;<\/p>\n<p>A reabertura da migra\u00e7\u00e3o, cujo prazo acabou no final de julho, conta com a apoio de alguns ministros do Supremo Tribunal Federal (STF), sobretudo de Dias Toffoli, que, em breve, assumir\u00e1 a presid\u00eancia da mais alta Corte do pa\u00eds. Tudo, por\u00e9m, ser\u00e1 negociado, para evitar ru\u00eddos desnecess\u00e1rios.<\/p>\n<p>&nbsp;<\/p>\n<p>Levantamento realizado pelo <strong>Blog<\/strong> mostra que 12.060 servidores migraram para a previd\u00eancia complementar. Isso n\u00e3o significa, por\u00e9m, que todos os servidores j\u00e1 aderiram ao Funpresp do Executivo e do Legislativo. No caso do Funpresp do Judici\u00e1rio, a ades\u00e3o chegou a quase 3 mil pessoas.<\/p>\n<p>&nbsp;<\/p>\n<p>A reabertura do prazo para a ades\u00e3o dos servidores \u00e0 previd\u00eancia complementar conta com o apoio de v\u00e1rias associa\u00e7\u00f5es, sobretudo as de procuradores e magistrados. Inclusive, algumas dessas entidades recorreram, sem sucesso, \u00e0 Justi\u00e7a para garantir um per\u00edodo maior para a migra\u00e7\u00e3o do atual sistema para o Funpresp.<\/p>\n<p>&nbsp;<\/p>\n<p>Pelas regras definidas para a migra\u00e7\u00e3o, os servidores que aderissem ao Funpresp teriam uma parte da aposentaria bancada pelo setor p\u00fablico e o restante, pelo fundo de previd\u00eancia complementar. Muitos funcion\u00e1rios p\u00fablicos fizeram as contas e perceberam que valia a pena abrir m\u00e3o da aposentadoria integral bancada pelo Regime Jur\u00eddico \u00danico.<\/p>\n<p>&nbsp;<\/p>\n<p>O Funpresp j\u00e1 vale para os servidores contratados pelo setor p\u00fablico a partir de 2013. O governo garante a aposentadoria at\u00e9 o teto do Instituto Nacional do Seguro Social (INSS), hoje, de pouco mais de R$ 5 mil por m\u00eas. Para garantir a integralidade do sal\u00e1rio da ativa, os funcion\u00e1rios precisam aderir ao fundo de pens\u00e3o. Para cada R$ 1 desembolsado pelo servidor, o governo coloca outro R$ 1. H\u00e1 um limite para isso.<\/p>\n<p>&nbsp;<\/p>\n<p><em>\u00a0Bras\u00edlia, 11h01min<\/em><\/p>\n","protected":false},"excerpt":{"rendered":"<p>Sem alarde, o governo est\u00e1 estudando a edi\u00e7\u00e3o de uma medida provis\u00f3ria para reabrir o prazo de migra\u00e7\u00e3o de servidores p\u00fablicos ao regime de previd\u00eancia complementar. O tema est\u00e1 presente nos corredores do Funpresp, o fundo de pens\u00e3o do funcionalismo federal, que entrou em vigor em 2013. &nbsp; A reabertura da migra\u00e7\u00e3o, cujo prazo acabou [&hellip;]<\/p>\n","protected":false},"author":22,"featured_media":0,"comment_status":"open","ping_status":"closed","sticky":false,"template":"","format":"standard","meta":{"footnotes":""},"categories":[600],"tags":[],"class_list":["post-9098","post","type-post","status-publish","format-standard","hentry","category-economia"],"_links":{"self":[{"href":"https:\/\/blogs.correiobraziliense.com.br\/vicente\/wp-json\/wp\/v2\/posts\/9098","targetHints":{"allow":["GET"]}}],"collection":[{"href":"https:\/\/blogs.correiobraziliense.com.br\/vicente\/wp-json\/wp\/v2\/posts"}],"about":[{"href":"https:\/\/blogs.correiobraziliense.com.br\/vicente\/wp-json\/wp\/v2\/types\/post"}],"author":[{"embeddable":true,"href":"https:\/\/blogs.correiobraziliense.com.br\/vicente\/wp-json\/wp\/v2\/users\/22"}],"replies":[{"embeddable":true,"href":"https:\/\/blogs.correiobraziliense.com.br\/vicente\/wp-json\/wp\/v2\/comments?post=9098"}],"version-history":[{"count":1,"href":"https:\/\/blogs.correiobraziliense.com.br\/vicente\/wp-json\/wp\/v2\/posts\/9098\/revisions"}],"predecessor-version":[{"id":9099,"href":"https:\/\/blogs.correiobraziliense.com.br\/vicente\/wp-json\/wp\/v2\/posts\/9098\/revisions\/9099"}],"wp:attachment":[{"href":"https:\/\/blogs.correiobraziliense.com.br\/vicente\/wp-json\/wp\/v2\/media?parent=9098"}],"wp:term":[{"taxonomy":"category","embeddable":true,"href":"https:\/\/blogs.correiobraziliense.com.br\/vicente\/wp-json\/wp\/v2\/categories?post=9098"},{"taxonomy":"post_tag","embeddable":true,"href":"https:\/\/blogs.correiobraziliense.com.br\/vicente\/wp-json\/wp\/v2\/tags?post=9098"}],"curies":[{"name":"wp","href":"https:\/\/api.w.org\/{rel}","templated":true}]}}