{"id":9095,"date":"2018-09-01T14:05:15","date_gmt":"2018-09-01T17:05:15","guid":{"rendered":"https:\/\/blogs.correiobraziliense.com.br\/vicente\/?p=9095"},"modified":"2018-09-01T14:54:52","modified_gmt":"2018-09-01T17:54:52","slug":"choque-no-bolso-gasolina-fica-mais-cara-neste-fim-de-semana","status":"publish","type":"post","link":"https:\/\/blogs.correiobraziliense.com.br\/vicente\/choque-no-bolso-gasolina-fica-mais-cara-neste-fim-de-semana\/","title":{"rendered":"Choque no bolso: gasolina fica mais cara neste fim de semana"},"content":{"rendered":"<h2>HAMILTON FERRARI<\/h2>\n<h2><\/h2>\n<h2>Quem percorreu os postos neste s\u00e1bado (01\/09) levou um susto: os pre\u00e7os da gasolina voltaram a subir com for\u00e7a. Segundo gerentes dos estabelecimentos, as bombas s\u00f3 est\u00e3o refletindo os recentes reajustes promovidos pela Petrobras. Eles avisam ainda que a tend\u00eancia, daqui por diante, \u00e9 de mais aumentos, por causa da alta do d\u00f3lar, um dos componentes dos pre\u00e7os dos combust\u00edveis.<\/h2>\n<p>&nbsp;<\/p>\n<p><a href=\"https:\/\/blogs.correiobraziliense.com.br\/vicente\/wp-content\/uploads\/sites\/16\/2017\/03\/Gasolina07.jpg\" rel=\"attachment wp-att-4348\"><img loading=\"lazy\" decoding=\"async\" class=\"alignnone size-full wp-image-4348\" src=\"https:\/\/blogs.correiobraziliense.com.br\/vicente\/wp-content\/uploads\/sites\/16\/2017\/03\/Gasolina07.jpg\" alt=\"Gasolina07\" width=\"400\" height=\"265\" srcset=\"https:\/\/blogs.correiobraziliense.com.br\/vicente\/wp-content\/uploads\/sites\/16\/2017\/03\/Gasolina07.jpg 400w, https:\/\/blogs.correiobraziliense.com.br\/vicente\/wp-content\/uploads\/sites\/16\/2017\/03\/Gasolina07-300x199.jpg 300w, https:\/\/blogs.correiobraziliense.com.br\/vicente\/wp-content\/uploads\/sites\/16\/2017\/03\/Gasolina07-350x232.jpg 350w, https:\/\/blogs.correiobraziliense.com.br\/vicente\/wp-content\/uploads\/sites\/16\/2017\/03\/Gasolina07-230x152.jpg 230w\" sizes=\"auto, (max-width: 400px) 100vw, 400px\" \/><\/a><\/p>\n<p>&nbsp;<\/p>\n<p>Em \u00c1guas Claras, onde, tradicionalmente, a gasolina \u00e9 mais barata, o litro saltou de R$ 4,199 para R$ 4,399 de um dia para o outro. No Setor de Ind\u00fastrias Gr\u00e1ficas (SIG), o pre\u00e7o pulou de R$ 4,249 para R$ 4,589.<\/p>\n<p>&nbsp;<\/p>\n<p>Segundo especialistas, os motoristas devem preparar o bolso. Se h\u00e1 uma perspectiva no horizonte, ela \u00e9 de aumento dos pre\u00e7os da gasolina. Na avalia\u00e7\u00e3o deles, os combust\u00edveis entraram em nova rota de alta, sobretudo, por causa da valoriza\u00e7\u00e3o da moeda norte-americana. A Petrobras, que fixa os valores nas refinarias, n\u00e3o perdoa.<\/p>\n<p>&nbsp;<\/p>\n<p>Representante do setor de combust\u00edveis dizem que, al\u00e9m da pol\u00edtica de pre\u00e7os da Petrobras, que acompanha a varia\u00e7\u00e3o do petr\u00f3leo no mercado internacional e a cota\u00e7\u00e3o do d\u00f3lar, os governos n\u00e3o est\u00e3o pensando duas vezes em aumentar impostos. A situa\u00e7\u00e3o \u00e9 t\u00e3o complicada que, somente ao atravessar a fronteira de S\u00e3o Paulo para o Rio de Janeiro, a gasolina fica R$ 0,63 mais cara.<\/p>\n<p>&nbsp;<\/p>\n<p>&#8220;Para os consumidores, esses aumentos s\u00e3o uma p\u00e9ssima not\u00edcia&#8221;, diz a servidora p\u00fablica Paula Silva, 48 anos. &#8220;O que me chama a aten\u00e7\u00e3o \u00e9 o fato de que, duas semanas atr\u00e1s, conseguia encher o tanque com gasolina muito pr\u00f3xima de R$ 4&#8221;, acrescenta. &#8220;Os postos s\u00e3o muito \u00e1geis ao repassar os aumentos&#8221;, emenda.<\/p>\n<p>&nbsp;<\/p>\n<p>Empres\u00e1rios do setor explicam que os ajustes dos pre\u00e7os nas bombas se d\u00e3o de acordo com os estoques e com a necessidade dos postos de manterem as margens de lucro. As empresas, dizem, n\u00e3o podem operar no vermelho sob o risco de falirem. &#8220;Ningu\u00e9m aumenta pre\u00e7os porque quer, pois isso reduz as vendas. Acompanhamos apenas a realidade do mercado&#8221;, afirma um dos empres\u00e1rios.<\/p>\n<p>&nbsp;<\/p>\n<p><em>Bras\u00edlia, 14h05min<\/em><\/p>\n","protected":false},"excerpt":{"rendered":"<p>HAMILTON FERRARI Quem percorreu os postos neste s\u00e1bado (01\/09) levou um susto: os pre\u00e7os da gasolina voltaram a subir com for\u00e7a. Segundo gerentes dos estabelecimentos, as bombas s\u00f3 est\u00e3o refletindo os recentes reajustes promovidos pela Petrobras. Eles avisam ainda que a tend\u00eancia, daqui por diante, \u00e9 de mais aumentos, por causa da alta do d\u00f3lar, [&hellip;]<\/p>\n","protected":false},"author":22,"featured_media":0,"comment_status":"open","ping_status":"closed","sticky":false,"template":"","format":"standard","meta":{"footnotes":""},"categories":[600],"tags":[],"class_list":["post-9095","post","type-post","status-publish","format-standard","hentry","category-economia"],"_links":{"self":[{"href":"https:\/\/blogs.correiobraziliense.com.br\/vicente\/wp-json\/wp\/v2\/posts\/9095","targetHints":{"allow":["GET"]}}],"collection":[{"href":"https:\/\/blogs.correiobraziliense.com.br\/vicente\/wp-json\/wp\/v2\/posts"}],"about":[{"href":"https:\/\/blogs.correiobraziliense.com.br\/vicente\/wp-json\/wp\/v2\/types\/post"}],"author":[{"embeddable":true,"href":"https:\/\/blogs.correiobraziliense.com.br\/vicente\/wp-json\/wp\/v2\/users\/22"}],"replies":[{"embeddable":true,"href":"https:\/\/blogs.correiobraziliense.com.br\/vicente\/wp-json\/wp\/v2\/comments?post=9095"}],"version-history":[{"count":2,"href":"https:\/\/blogs.correiobraziliense.com.br\/vicente\/wp-json\/wp\/v2\/posts\/9095\/revisions"}],"predecessor-version":[{"id":9097,"href":"https:\/\/blogs.correiobraziliense.com.br\/vicente\/wp-json\/wp\/v2\/posts\/9095\/revisions\/9097"}],"wp:attachment":[{"href":"https:\/\/blogs.correiobraziliense.com.br\/vicente\/wp-json\/wp\/v2\/media?parent=9095"}],"wp:term":[{"taxonomy":"category","embeddable":true,"href":"https:\/\/blogs.correiobraziliense.com.br\/vicente\/wp-json\/wp\/v2\/categories?post=9095"},{"taxonomy":"post_tag","embeddable":true,"href":"https:\/\/blogs.correiobraziliense.com.br\/vicente\/wp-json\/wp\/v2\/tags?post=9095"}],"curies":[{"name":"wp","href":"https:\/\/api.w.org\/{rel}","templated":true}]}}