{"id":9091,"date":"2018-08-31T15:25:52","date_gmt":"2018-08-31T18:25:52","guid":{"rendered":"https:\/\/blogs.correiobraziliense.com.br\/vicente\/?p=9091"},"modified":"2018-08-31T15:46:08","modified_gmt":"2018-08-31T18:46:08","slug":"inss-fara-leilao-de-oito-imoveis-no-df","status":"publish","type":"post","link":"https:\/\/blogs.correiobraziliense.com.br\/vicente\/inss-fara-leilao-de-oito-imoveis-no-df\/","title":{"rendered":"INSS far\u00e1 leil\u00e3o de oito im\u00f3veis no DF"},"content":{"rendered":"<h2>O Instituto Nacional do Seguro Social (INSS) far\u00e1 leil\u00e3o de oito im\u00f3veis no Distrito Federal. Os pre\u00e7os variam de R$ 565 mil a R$ 1,35 milh\u00e3o. S\u00e3o sete apartamentos e uma casa. Somando todas os lances m\u00ednimos, a autarquia pode arrecadar R$ 6,9 milh\u00f5es.<\/h2>\n<h2><\/h2>\n<p>Os im\u00f3veis variam de 60m\u00b2 a 196 m\u00b2. S\u00e3o quatro apartamentos sendo vendidos na Asa Norte, um na Asa Sul e dois na Octogonal Sul. Al\u00e9m disso, h\u00e1 uma casa em Ceil\u00e2ndia. O leil\u00e3o n\u00e3o exige cau\u00e7\u00e3o. Se n\u00e3o forem arrematados, o pre\u00e7o m\u00ednimo dos im\u00f3veis podem ser diminu\u00eddos em at\u00e9 60%.<\/p>\n<p>&nbsp;<\/p>\n<p>A sess\u00e3o p\u00fablica est\u00e1 marcada para o dia 25 de setembro, \u00e0s 10h. Os esclarecimentos sobre os im\u00f3veis e visitas podem ser tratados na FlexLeil\u00f5es, localizada no Setor de Oficina Norte, onde ser\u00e1 feito o leil\u00e3o. Tamb\u00e9m \u00e9 poss\u00edvel entrar em contato pelos n\u00fameros 4063-8301\/99625-0219 ou pelo e-mail joseluiz@flexleiloes.com.br.<\/p>\n<p>&nbsp;<\/p>\n<p><strong>Confira as op\u00e7\u00f5es:<\/strong><br \/>\nQNM 17, Conjunto H (60 m\u00b2) &#8211; R$ 709 mil<br \/>\nAOS 04, Bloco D (74 m\u00b2) &#8211; R$ 565 mil<br \/>\nAOS 04, Bloco D (97 m\u00b2) &#8211; R$ 752 mil<br \/>\nSQS 207, Bloco D (163 m\u00b2) &#8211; R$ 1,357 milh\u00e3o<br \/>\nSQN 310, Bloco D (196 m\u00b2) &#8211; R$ 1,285 milh\u00e3o<br \/>\nSQN 310, Bloco M (84 m\u00b2) &#8211; R$ 740 mil (Tr\u00eas unidades)<\/p>\n<p>&nbsp;<\/p>\n<p><em>Bras\u00edlia, 15h23min<\/em><\/p>\n","protected":false},"excerpt":{"rendered":"<p>O Instituto Nacional do Seguro Social (INSS) far\u00e1 leil\u00e3o de oito im\u00f3veis no Distrito Federal. Os pre\u00e7os variam de R$ 565 mil a R$ 1,35 milh\u00e3o. S\u00e3o sete apartamentos e uma casa. Somando todas os lances m\u00ednimos, a autarquia pode arrecadar R$ 6,9 milh\u00f5es. Os im\u00f3veis variam de 60m\u00b2 a 196 m\u00b2. S\u00e3o quatro apartamentos [&hellip;]<\/p>\n","protected":false},"author":22,"featured_media":0,"comment_status":"open","ping_status":"closed","sticky":false,"template":"","format":"standard","meta":{"footnotes":""},"categories":[600],"tags":[1532,1554,408,2758],"class_list":["post-9091","post","type-post","status-publish","format-standard","hentry","category-economia","tag-df","tag-imoveis","tag-inss","tag-leilao"],"_links":{"self":[{"href":"https:\/\/blogs.correiobraziliense.com.br\/vicente\/wp-json\/wp\/v2\/posts\/9091","targetHints":{"allow":["GET"]}}],"collection":[{"href":"https:\/\/blogs.correiobraziliense.com.br\/vicente\/wp-json\/wp\/v2\/posts"}],"about":[{"href":"https:\/\/blogs.correiobraziliense.com.br\/vicente\/wp-json\/wp\/v2\/types\/post"}],"author":[{"embeddable":true,"href":"https:\/\/blogs.correiobraziliense.com.br\/vicente\/wp-json\/wp\/v2\/users\/22"}],"replies":[{"embeddable":true,"href":"https:\/\/blogs.correiobraziliense.com.br\/vicente\/wp-json\/wp\/v2\/comments?post=9091"}],"version-history":[{"count":3,"href":"https:\/\/blogs.correiobraziliense.com.br\/vicente\/wp-json\/wp\/v2\/posts\/9091\/revisions"}],"predecessor-version":[{"id":9094,"href":"https:\/\/blogs.correiobraziliense.com.br\/vicente\/wp-json\/wp\/v2\/posts\/9091\/revisions\/9094"}],"wp:attachment":[{"href":"https:\/\/blogs.correiobraziliense.com.br\/vicente\/wp-json\/wp\/v2\/media?parent=9091"}],"wp:term":[{"taxonomy":"category","embeddable":true,"href":"https:\/\/blogs.correiobraziliense.com.br\/vicente\/wp-json\/wp\/v2\/categories?post=9091"},{"taxonomy":"post_tag","embeddable":true,"href":"https:\/\/blogs.correiobraziliense.com.br\/vicente\/wp-json\/wp\/v2\/tags?post=9091"}],"curies":[{"name":"wp","href":"https:\/\/api.w.org\/{rel}","templated":true}]}}