{"id":9068,"date":"2018-08-30T21:09:29","date_gmt":"2018-08-31T00:09:29","guid":{"rendered":"https:\/\/blogs.correiobraziliense.com.br\/vicente\/?p=9068"},"modified":"2018-08-30T21:12:12","modified_gmt":"2018-08-31T00:12:12","slug":"advogado-de-lula-apela-para-reuniao-com-ministros","status":"publish","type":"post","link":"https:\/\/blogs.correiobraziliense.com.br\/vicente\/advogado-de-lula-apela-para-reuniao-com-ministros\/","title":{"rendered":"Antes de julgamento, advogado de Lula apela para reuni\u00e3o com ministros"},"content":{"rendered":"<h2>RENATO SOUZA<\/h2>\n<h2><\/h2>\n<h2>O advogado Cristiano Zanin Martins do ex-presidente Luiz In\u00e1cio Lula da Silva pediu, na tarde desta quinta-feira (30\/8),\u00a0para se reunir com os ministros do Supremo Tribunal Federal (STF) Celso de Melo, Gilmar Mendes e Marco Aur\u00e9lio. Martins estava em S\u00e3o Paulo e chegou por volta de 6h50 em Bras\u00edlia.<\/h2>\n<p>&nbsp;<\/p>\n<p>O advogado solicitou para que algu\u00e9m entrasse em contato com os gabinetes dos magistrados &#8220;com cautela&#8221;.\u00a0A defesa do ex-presidente Lula tem at\u00e9 \u00e0s 23h59 minutos de hoje para apresentar ao Tribunal Superior Eleitoral (TSE) os argumentos contra os pedidos de indeferimento de candidatura que foram protocolados contra o cliente na Justi\u00e7a Eleitoral. Ao todo, s\u00e3o 16 a\u00e7\u00f5es que pedem que ele seja impedido de continuar concorrendo nas elei\u00e7\u00f5es deste ano.<\/p>\n<p>&nbsp;<\/p>\n<p>Se a candidatura do petista for impugnada, a defesa pode entrar com recurso na Suprema Corte.\u00a0Uma das a\u00e7\u00f5es de cassa\u00e7\u00e3o do registro \u00e9 da procuradora-geral da Rep\u00fablica, Raquel Dodge. Al\u00e9m disso, Dodge tamb\u00e9m apresentou ao TSE uma solicita\u00e7\u00e3o de liminar para que ele seja impedido de aparecer no hor\u00e1rio eleitoral gratuito no r\u00e1dio e na TV.<\/p>\n<p>&nbsp;<\/p>\n<p>Os primeiros v\u00eddeos de campanha presidencial v\u00e3o ao ar na noite de s\u00e1bado (1\u00b0). Mas na tarde desta sexta-feira (31), a Corte Eleitoral realiza uma sess\u00e3o extraordin\u00e1ria, a partir das 14h30, onde a liminar da PGR deve ser julgada.<\/p>\n<p>&nbsp;<\/p>\n<p>Se o relator do caso, ministro Lu\u00eds Roberto Barroso, solicitar, o TSE pode analisar a candidatura em si, e determinar se Lula pode ou n\u00e3o segue como candidato. Ele foi condenado a 12 anos e um m\u00eas de pris\u00e3o pelo Tribunal Regional Federal da 4 Regi\u00e3o (TRF-4) e pode se enquadrado na Lei da Ficha Limpa.<\/p>\n<p>&nbsp;<\/p>\n<p>A defesa do ex-presidente produziu um documento com 200 p\u00e1ginas, que ser\u00e1 entregue ao TSE. Os advogados alegam que ele ainda n\u00e3o teve o caso analisado pelos tribunais superiores e que \u00e9 v\u00edtima da &#8220;parcialidade&#8221; da Justi\u00e7a.<\/p>\n<p>&nbsp;<\/p>\n<p><em>Bras\u00edlia, 21h06min<\/em><\/p>\n<p>&nbsp;<\/p>\n","protected":false},"excerpt":{"rendered":"<p>RENATO SOUZA O advogado Cristiano Zanin Martins do ex-presidente Luiz In\u00e1cio Lula da Silva pediu, na tarde desta quinta-feira (30\/8),\u00a0para se reunir com os ministros do Supremo Tribunal Federal (STF) Celso de Melo, Gilmar Mendes e Marco Aur\u00e9lio. Martins estava em S\u00e3o Paulo e chegou por volta de 6h50 em Bras\u00edlia. &nbsp; O advogado solicitou [&hellip;]<\/p>\n","protected":false},"author":22,"featured_media":0,"comment_status":"open","ping_status":"closed","sticky":false,"template":"","format":"standard","meta":{"footnotes":""},"categories":[600],"tags":[845,23,1218,3122,192],"class_list":["post-9068","post","type-post","status-publish","format-standard","hentry","category-economia","tag-candidatura","tag-lula","tag-registro","tag-reuniao","tag-stf"],"_links":{"self":[{"href":"https:\/\/blogs.correiobraziliense.com.br\/vicente\/wp-json\/wp\/v2\/posts\/9068","targetHints":{"allow":["GET"]}}],"collection":[{"href":"https:\/\/blogs.correiobraziliense.com.br\/vicente\/wp-json\/wp\/v2\/posts"}],"about":[{"href":"https:\/\/blogs.correiobraziliense.com.br\/vicente\/wp-json\/wp\/v2\/types\/post"}],"author":[{"embeddable":true,"href":"https:\/\/blogs.correiobraziliense.com.br\/vicente\/wp-json\/wp\/v2\/users\/22"}],"replies":[{"embeddable":true,"href":"https:\/\/blogs.correiobraziliense.com.br\/vicente\/wp-json\/wp\/v2\/comments?post=9068"}],"version-history":[{"count":3,"href":"https:\/\/blogs.correiobraziliense.com.br\/vicente\/wp-json\/wp\/v2\/posts\/9068\/revisions"}],"predecessor-version":[{"id":9071,"href":"https:\/\/blogs.correiobraziliense.com.br\/vicente\/wp-json\/wp\/v2\/posts\/9068\/revisions\/9071"}],"wp:attachment":[{"href":"https:\/\/blogs.correiobraziliense.com.br\/vicente\/wp-json\/wp\/v2\/media?parent=9068"}],"wp:term":[{"taxonomy":"category","embeddable":true,"href":"https:\/\/blogs.correiobraziliense.com.br\/vicente\/wp-json\/wp\/v2\/categories?post=9068"},{"taxonomy":"post_tag","embeddable":true,"href":"https:\/\/blogs.correiobraziliense.com.br\/vicente\/wp-json\/wp\/v2\/tags?post=9068"}],"curies":[{"name":"wp","href":"https:\/\/api.w.org\/{rel}","templated":true}]}}