{"id":9062,"date":"2018-08-30T13:30:28","date_gmt":"2018-08-30T16:30:28","guid":{"rendered":"https:\/\/blogs.correiobraziliense.com.br\/vicente\/?p=9062"},"modified":"2018-08-30T13:42:14","modified_gmt":"2018-08-30T16:42:14","slug":"bc-fara-leilao-de-us-15-bilhao-em-swaps-cambiais","status":"publish","type":"post","link":"https:\/\/blogs.correiobraziliense.com.br\/vicente\/bc-fara-leilao-de-us-15-bilhao-em-swaps-cambiais\/","title":{"rendered":"BC far\u00e1 leil\u00e3o de US$ 1,5 bilh\u00e3o em swaps cambiais"},"content":{"rendered":"<h2>ANTONIO TEM\u00d3TEO<\/h2>\n<h2><\/h2>\n<h2>Ap\u00f3s 59 dias sem atuar no mercado cambial, o Banco Central (BC) anunciou a oferta de 30 mil contratos de swap, que correspondem a venda futura de US$ 1,5 bilh\u00e3o. A \u00faltima interven\u00e7\u00e3o da autoridade monet\u00e1ria ocorreu em 22 de junho. Desde ent\u00e3o, a equipe de Ilan Goldfajn fez apenas rolagem das posi\u00e7\u00f5es que j\u00e1 estavam no mercado.<\/h2>\n<p>&nbsp;<\/p>\n<p>O estoque de swaps cambiais est\u00e1 em US$ 67,4 bilh\u00f5es. Conforme o BC, as interven\u00e7\u00f5es visam prover liquidez e garantir o bom funcionamento do mercado cambial e, portanto, do regime de c\u00e2mbio flutuante. A equipe de Ilan ainda delatou que a flutua\u00e7\u00e3o \u00e9 a primeira linha de defesa e os instrumentos cambiais permitem amortecer choques.<\/p>\n<p>&nbsp;<br \/>\nO BC ainda ressaltou que a intensidade e a frequ\u00eancia das interven\u00e7\u00f5es depender\u00e3o do n\u00edvel de volatilidade do mercado. A autoridade monet\u00e1ria reiterou que a atua\u00e7\u00e3o no mercado cambial \u00e9 separada de sua pol\u00edtica monet\u00e1ria e n\u00e3o h\u00e1 rela\u00e7\u00e3o mec\u00e2nica entre a pol\u00edtica monet\u00e1ria e os choques recentes.<\/p>\n","protected":false},"excerpt":{"rendered":"<p>ANTONIO TEM\u00d3TEO Ap\u00f3s 59 dias sem atuar no mercado cambial, o Banco Central (BC) anunciou a oferta de 30 mil contratos de swap, que correspondem a venda futura de US$ 1,5 bilh\u00e3o. A \u00faltima interven\u00e7\u00e3o da autoridade monet\u00e1ria ocorreu em 22 de junho. Desde ent\u00e3o, a equipe de Ilan Goldfajn fez apenas rolagem das posi\u00e7\u00f5es [&hellip;]<\/p>\n","protected":false},"author":22,"featured_media":0,"comment_status":"open","ping_status":"closed","sticky":false,"template":"","format":"standard","meta":{"footnotes":""},"categories":[600],"tags":[106,849,3601,343,2758,1030],"class_list":["post-9062","post","type-post","status-publish","format-standard","hentry","category-economia","tag-bc","tag-cambio","tag-cambio-flutuante","tag-dolar","tag-leilao","tag-swap-cambial"],"_links":{"self":[{"href":"https:\/\/blogs.correiobraziliense.com.br\/vicente\/wp-json\/wp\/v2\/posts\/9062","targetHints":{"allow":["GET"]}}],"collection":[{"href":"https:\/\/blogs.correiobraziliense.com.br\/vicente\/wp-json\/wp\/v2\/posts"}],"about":[{"href":"https:\/\/blogs.correiobraziliense.com.br\/vicente\/wp-json\/wp\/v2\/types\/post"}],"author":[{"embeddable":true,"href":"https:\/\/blogs.correiobraziliense.com.br\/vicente\/wp-json\/wp\/v2\/users\/22"}],"replies":[{"embeddable":true,"href":"https:\/\/blogs.correiobraziliense.com.br\/vicente\/wp-json\/wp\/v2\/comments?post=9062"}],"version-history":[{"count":3,"href":"https:\/\/blogs.correiobraziliense.com.br\/vicente\/wp-json\/wp\/v2\/posts\/9062\/revisions"}],"predecessor-version":[{"id":9066,"href":"https:\/\/blogs.correiobraziliense.com.br\/vicente\/wp-json\/wp\/v2\/posts\/9062\/revisions\/9066"}],"wp:attachment":[{"href":"https:\/\/blogs.correiobraziliense.com.br\/vicente\/wp-json\/wp\/v2\/media?parent=9062"}],"wp:term":[{"taxonomy":"category","embeddable":true,"href":"https:\/\/blogs.correiobraziliense.com.br\/vicente\/wp-json\/wp\/v2\/categories?post=9062"},{"taxonomy":"post_tag","embeddable":true,"href":"https:\/\/blogs.correiobraziliense.com.br\/vicente\/wp-json\/wp\/v2\/tags?post=9062"}],"curies":[{"name":"wp","href":"https:\/\/api.w.org\/{rel}","templated":true}]}}