{"id":9055,"date":"2018-08-30T13:13:19","date_gmt":"2018-08-30T16:13:19","guid":{"rendered":"https:\/\/blogs.correiobraziliense.com.br\/vicente\/?p=9055"},"modified":"2018-08-30T13:28:54","modified_gmt":"2018-08-30T16:28:54","slug":"dolar-vai-r-421-com-eleicoes-e-crise-na-argentina","status":"publish","type":"post","link":"https:\/\/blogs.correiobraziliense.com.br\/vicente\/dolar-vai-r-421-com-eleicoes-e-crise-na-argentina\/","title":{"rendered":"D\u00f3lar vai a R$ 4,21 com elei\u00e7\u00f5es e crise na Argentina"},"content":{"rendered":"<h2>HAMILTON FERRARI<\/h2>\n<h2><\/h2>\n<h2>A quinta-feira (30\/08) est\u00e1 est\u00e1 marcada por um grande clima de tens\u00e3o. Al\u00e9m das incertezas eleitorais, com um poss\u00edvel segundo turno entre Jair Bolsonaro (PSL) e Fernando Haddad (PT), os investidores foram surpreendidos pelo agravamento da crise econ\u00f4mica na Argentina, onde as taxas de juros saltaram de 45% para 60% ao ano.<\/h2>\n<p>&nbsp;<\/p>\n<p>O d\u00f3lar j\u00e1 abriu o dia em disparada, e a moeda norte-americana era cotada, por volta da 13h, a R$ 4,20, com alta de 1,92%. Em alguns momentos, a moeda norte-americana chegou a ser negociada a R$ 4,21, mesmo com a interven\u00e7\u00e3o do\u00a0Banco Central, que ofertou 4,3 mil contratos de swaps cambiais tradicionais, equivalentes \u00e0 venda futura de d\u00f3lares, no total de US$ 5,255 bilh\u00f5es, antecipando a rolagem de vencimentos de setembro. O d\u00f3lar j\u00e1 est\u00e1 na sua m\u00e1xima hist\u00f3rica.<\/p>\n<p>&nbsp;<\/p>\n<p>Diante do nervosismo, o Banco Central anunciou outro leil\u00e3o, de 30 mil contratos, com vencimento entre novembro deste ano e abril de 2019, ou seja, depois das elei\u00e7\u00f5es e j\u00e1 no pr\u00f3ximo governo. Esses contratos de swap est\u00e3o avaliados em R$ 1,5 bilh\u00e3o.<\/p>\n<p>&nbsp;<\/p>\n<p>Na Argentina, o peso chegou a despencar 15,6% pela manh\u00e3, com US$ 1 valendo 39 pesos argentinos, Nunca, na hist\u00f3ria, a moeda argentina esteve t\u00e3o desvalorizada. O BC daquele pa\u00eds interveio para tentar conter o derretimento da divisa local e, al\u00e9m de elevar os juros, aumentou o volume de recursos que os bancos s\u00e3o obrigados a depositarem, compulsoriamente, nos cofres da autoridade monet\u00e1ria.<\/p>\n<p>&nbsp;<\/p>\n<p>No mercado de a\u00e7\u00f5es, no qual o nervosismo tamb\u00e9m \u00e9 grande, o Ibovespa, principal indicador da Bolsa de Valores de S\u00e3o Paulo, registrava queda de quase 2%, nos 76.941 pontos. &#8220;Est\u00e1 um clima muito pesado. Daqui por diante, com a elei\u00e7\u00e3o pegando fogo, teremos muita oscila\u00e7\u00e3o nos mercados&#8221;, diz um analista.<\/p>\n<p>&nbsp;<\/p>\n<p>O pior, segundo ele, \u00e9 que pa\u00edses emergentes como Argentina e Turquia est\u00e3o fraquejando. E isso, certamente, bater\u00e1 forte no Brasil, que est\u00e1 numa situa\u00e7\u00e3o fiscal muito fr\u00e1gil em meio a uma elei\u00e7\u00e3o dram\u00e1tica.<\/p>\n<p>&nbsp;<\/p>\n<p><em>Bras\u00edlia, 13h00min<\/em><\/p>\n","protected":false},"excerpt":{"rendered":"<p>HAMILTON FERRARI A quinta-feira (30\/08) est\u00e1 est\u00e1 marcada por um grande clima de tens\u00e3o. Al\u00e9m das incertezas eleitorais, com um poss\u00edvel segundo turno entre Jair Bolsonaro (PSL) e Fernando Haddad (PT), os investidores foram surpreendidos pelo agravamento da crise econ\u00f4mica na Argentina, onde as taxas de juros saltaram de 45% para 60% ao ano. &nbsp; [&hellip;]<\/p>\n","protected":false},"author":22,"featured_media":0,"comment_status":"open","ping_status":"closed","sticky":false,"template":"","format":"standard","meta":{"footnotes":""},"categories":[600],"tags":[],"class_list":["post-9055","post","type-post","status-publish","format-standard","hentry","category-economia"],"_links":{"self":[{"href":"https:\/\/blogs.correiobraziliense.com.br\/vicente\/wp-json\/wp\/v2\/posts\/9055","targetHints":{"allow":["GET"]}}],"collection":[{"href":"https:\/\/blogs.correiobraziliense.com.br\/vicente\/wp-json\/wp\/v2\/posts"}],"about":[{"href":"https:\/\/blogs.correiobraziliense.com.br\/vicente\/wp-json\/wp\/v2\/types\/post"}],"author":[{"embeddable":true,"href":"https:\/\/blogs.correiobraziliense.com.br\/vicente\/wp-json\/wp\/v2\/users\/22"}],"replies":[{"embeddable":true,"href":"https:\/\/blogs.correiobraziliense.com.br\/vicente\/wp-json\/wp\/v2\/comments?post=9055"}],"version-history":[{"count":7,"href":"https:\/\/blogs.correiobraziliense.com.br\/vicente\/wp-json\/wp\/v2\/posts\/9055\/revisions"}],"predecessor-version":[{"id":9063,"href":"https:\/\/blogs.correiobraziliense.com.br\/vicente\/wp-json\/wp\/v2\/posts\/9055\/revisions\/9063"}],"wp:attachment":[{"href":"https:\/\/blogs.correiobraziliense.com.br\/vicente\/wp-json\/wp\/v2\/media?parent=9055"}],"wp:term":[{"taxonomy":"category","embeddable":true,"href":"https:\/\/blogs.correiobraziliense.com.br\/vicente\/wp-json\/wp\/v2\/categories?post=9055"},{"taxonomy":"post_tag","embeddable":true,"href":"https:\/\/blogs.correiobraziliense.com.br\/vicente\/wp-json\/wp\/v2\/tags?post=9055"}],"curies":[{"name":"wp","href":"https:\/\/api.w.org\/{rel}","templated":true}]}}