{"id":9049,"date":"2018-08-28T13:51:24","date_gmt":"2018-08-28T16:51:24","guid":{"rendered":"https:\/\/blogs.correiobraziliense.com.br\/vicente\/?p=9049"},"modified":"2018-08-28T13:57:30","modified_gmt":"2018-08-28T16:57:30","slug":"forca-dos-debates-para-democracia","status":"publish","type":"post","link":"https:\/\/blogs.correiobraziliense.com.br\/vicente\/forca-dos-debates-para-democracia\/","title":{"rendered":"A for\u00e7a dos debates para a democracia"},"content":{"rendered":"<p>Uma das formas mais inteligentes de se chegar a uma conclus\u00e3o \u00e9 por meio do debate. A discuss\u00e3o de ideias, questionando posi\u00e7\u00f5es e propondo solu\u00e7\u00f5es, continua sendo o modo mais civilizado e transparente para que toda a comunidade saia ganhado. Isso vale, sobretudo, em tempos de elei\u00e7\u00f5es. Por isso, a import\u00e2ncia do encontro que o Correio Braziliense e a TV Bras\u00edlia promovem hoje com os candidatos ao governo do Distrito Federal. O intuito fundamental ultrapassa o conhecimento dos planos de governo de cada um dos postulantes e alcan\u00e7a a defesa incondicional da democracia, motivo principal da exist\u00eancia dos meios de comunica\u00e7\u00e3o.<\/p>\n<p>&nbsp;<\/p>\n<p><a href=\"https:\/\/blogs.correiobraziliense.com.br\/vicente\/wp-content\/uploads\/sites\/16\/2018\/08\/Debate.jpg\" rel=\"attachment wp-att-9051\"><img loading=\"lazy\" decoding=\"async\" class=\"alignnone size-large wp-image-9051\" src=\"https:\/\/blogs.correiobraziliense.com.br\/vicente\/wp-content\/uploads\/sites\/16\/2018\/08\/Debate-1024x860.jpg\" alt=\"Debate\" width=\"1024\" height=\"860\" srcset=\"https:\/\/blogs.correiobraziliense.com.br\/vicente\/wp-content\/uploads\/sites\/16\/2018\/08\/Debate.jpg 1024w, https:\/\/blogs.correiobraziliense.com.br\/vicente\/wp-content\/uploads\/sites\/16\/2018\/08\/Debate-300x252.jpg 300w, https:\/\/blogs.correiobraziliense.com.br\/vicente\/wp-content\/uploads\/sites\/16\/2018\/08\/Debate-768x645.jpg 768w, https:\/\/blogs.correiobraziliense.com.br\/vicente\/wp-content\/uploads\/sites\/16\/2018\/08\/Debate-350x294.jpg 350w, https:\/\/blogs.correiobraziliense.com.br\/vicente\/wp-content\/uploads\/sites\/16\/2018\/08\/Debate-550x462.jpg 550w, https:\/\/blogs.correiobraziliense.com.br\/vicente\/wp-content\/uploads\/sites\/16\/2018\/08\/Debate-230x193.jpg 230w\" sizes=\"auto, (max-width: 1024px) 100vw, 1024px\" \/><\/a><br \/>\nEm um momento em que o pa\u00eds e o planeta s\u00e3o palcos de um pugilato verbal sem o objetivo de esclarecer, principalmente no mundo virtual, e pessoas se escondem atr\u00e1s de perfis e not\u00edcias falsas para tentar fazer valer a sua ideia, a participa\u00e7\u00e3o da m\u00eddia respons\u00e1vel e do cidad\u00e3o consciente se torna essencial. \u00c9 o pluralismo de pensamentos que pode nos salvar do pobre sentimento de que s\u00f3 existem dois lados \u2014 direita e esquerda. A sociedade brasileira \u2014 e brasiliense \u2014 pode ser constru\u00edda com base em muitos outros ideais.<\/p>\n<p>&nbsp;<br \/>\nOs debates colocam frente a frente as mais diversas posi\u00e7\u00f5es ideol\u00f3gicas, para que os eleitores tirem suas d\u00favidas e tomem a melhor decis\u00e3o ao depositarem os votos nas urnas. Desafios n\u00e3o faltam para aqueles que v\u00e3o governar as 27 unidades da Federa\u00e7\u00e3o e o pa\u00eds a partir de 2019. As contas p\u00fablicas est\u00e3o em estado lastim\u00e1vel. O desemprego atormenta mais de um quarto da popula\u00e7\u00e3o economicamente ativa. Os investimentos produtivos est\u00e3o travados. N\u00e3o h\u00e1 como se falar em desenvolvimento e em melhoria de vida nessas condi\u00e7\u00f5es.<\/p>\n<p>&nbsp;<br \/>\nN\u00e3o se pode esquecer que os eleitos em outubro pr\u00f3ximo tomar\u00e3o decis\u00f5es que afetar\u00e3o nosso dia a dia pelo menos at\u00e9 2022. A depender das medidas adotadas, os reflexos se estender\u00e3o por um prazo muito maior. Tome-se por exemplo o caso de Dilma Rousseff. Ela deixou o governo h\u00e1 mais de dois anos, depois de sofrer um processo de impeachment, mas as mazelas continuam assombrando o pa\u00eds. A come\u00e7ar pelo aumento das desigualdades sociais provocado pela infla\u00e7\u00e3o com a qual a petista tanto brincou \u2014 uma irresponsabilidade sem tamanho.<\/p>\n<p>&nbsp;<br \/>\n\u00c9 hora, portanto, de os brasileiros prestarem muita aten\u00e7\u00e3o no que dizem os candidatos, comparar as propostas com a realidades e pensar muito. Com os debates, os cidad\u00e3os t\u00eam \u00f3timas oportunidades para se conscientizarem de suas responsabilidades com o futuro e de fazerem do voto uma arma efetiva contra a corrup\u00e7\u00e3o e por um pa\u00eds melhor. Com a uni\u00e3o de for\u00e7as e boas escolhas, teremos a certeza de que estamos fazendo a nossa parte. De resto, nos pr\u00f3ximos anos, \u00e9 contar com a cidadania de cada um e o trabalho dos meios de comunica\u00e7\u00e3o para cobrar todos que forem eleitos.<\/p>\n<p>&nbsp;<\/p>\n<p><em>Bras\u00edlia, 13h51min<\/em><\/p>\n","protected":false},"excerpt":{"rendered":"<p>Uma das formas mais inteligentes de se chegar a uma conclus\u00e3o \u00e9 por meio do debate. A discuss\u00e3o de ideias, questionando posi\u00e7\u00f5es e propondo solu\u00e7\u00f5es, continua sendo o modo mais civilizado e transparente para que toda a comunidade saia ganhado. Isso vale, sobretudo, em tempos de elei\u00e7\u00f5es. Por isso, a import\u00e2ncia do encontro que o [&hellip;]<\/p>\n","protected":false},"author":22,"featured_media":0,"comment_status":"open","ping_status":"closed","sticky":false,"template":"","format":"standard","meta":{"footnotes":""},"categories":[600],"tags":[],"class_list":["post-9049","post","type-post","status-publish","format-standard","hentry","category-economia"],"_links":{"self":[{"href":"https:\/\/blogs.correiobraziliense.com.br\/vicente\/wp-json\/wp\/v2\/posts\/9049","targetHints":{"allow":["GET"]}}],"collection":[{"href":"https:\/\/blogs.correiobraziliense.com.br\/vicente\/wp-json\/wp\/v2\/posts"}],"about":[{"href":"https:\/\/blogs.correiobraziliense.com.br\/vicente\/wp-json\/wp\/v2\/types\/post"}],"author":[{"embeddable":true,"href":"https:\/\/blogs.correiobraziliense.com.br\/vicente\/wp-json\/wp\/v2\/users\/22"}],"replies":[{"embeddable":true,"href":"https:\/\/blogs.correiobraziliense.com.br\/vicente\/wp-json\/wp\/v2\/comments?post=9049"}],"version-history":[{"count":2,"href":"https:\/\/blogs.correiobraziliense.com.br\/vicente\/wp-json\/wp\/v2\/posts\/9049\/revisions"}],"predecessor-version":[{"id":9052,"href":"https:\/\/blogs.correiobraziliense.com.br\/vicente\/wp-json\/wp\/v2\/posts\/9049\/revisions\/9052"}],"wp:attachment":[{"href":"https:\/\/blogs.correiobraziliense.com.br\/vicente\/wp-json\/wp\/v2\/media?parent=9049"}],"wp:term":[{"taxonomy":"category","embeddable":true,"href":"https:\/\/blogs.correiobraziliense.com.br\/vicente\/wp-json\/wp\/v2\/categories?post=9049"},{"taxonomy":"post_tag","embeddable":true,"href":"https:\/\/blogs.correiobraziliense.com.br\/vicente\/wp-json\/wp\/v2\/tags?post=9049"}],"curies":[{"name":"wp","href":"https:\/\/api.w.org\/{rel}","templated":true}]}}