{"id":9030,"date":"2018-08-23T15:10:17","date_gmt":"2018-08-23T18:10:17","guid":{"rendered":"https:\/\/blogs.correiobraziliense.com.br\/vicente\/?p=9030"},"modified":"2018-08-23T16:21:15","modified_gmt":"2018-08-23T19:21:15","slug":"para-equipe-economica-e-melhor-haddad-do-que-bolsonaro","status":"publish","type":"post","link":"https:\/\/blogs.correiobraziliense.com.br\/vicente\/para-equipe-economica-e-melhor-haddad-do-que-bolsonaro\/","title":{"rendered":"Para equipe econ\u00f4mica, \u00e9 melhor Haddad do que Bolsonaro"},"content":{"rendered":"<h2>T\u00e9cnicos da equipe econ\u00f4mica do governo t\u00eam feito enquetes sobre um poss\u00edvel segundo turno entre Jair Bolsonaro (PSL) e Fernando Haddad (PT). A maioria prefere a vit\u00f3ria do petista, pela racionalidade.<\/h2>\n<p>&nbsp;<\/p>\n<p>Na avalia\u00e7\u00e3o dos t\u00e9cnicos, Bolsonaro \u00e9 o que h\u00e1 de pior. Nem mesmo o fato de o ex-capit\u00e3o do Ex\u00e9rcito estar aliado ao economista Paulo Guedes anima os respons\u00e1veis pela pol\u00edtica econ\u00f4mica.<\/p>\n<p>&nbsp;<\/p>\n<p>Primeiro, porque todos acreditam que Guedes n\u00e3o duraria muito em um eventual governo de Bolsonaro. Segundo, porque, muitos questionam a capacidade t\u00e9cnica do economista.<\/p>\n<p>&nbsp;<\/p>\n<p>Guedes, por sinal, j\u00e1 esteve duas vezes com representantes da equipe econ\u00f4mica. Em vez de suas ideias, o que prevaleceu foi a arrog\u00e2ncia. Paulo Guedes acredita que inventou a roda na economia.<\/p>\n<p>&nbsp;<\/p>\n<p>Vale ressaltar que Dilma Rousseff tinha comportamento semelhante. Inventou a tal nova matriz econ\u00f4mica, que levou o Brasil para uma das mais graves recess\u00f5es da hist\u00f3ria. Dilma era a emp\u00e1fia em pessoa.<\/p>\n<p>&nbsp;<\/p>\n<p>Quanto a Haddad, economistas do governo dizem que ele \u00e9 mais palat\u00e1vel, pois n\u00e3o representa o radicalismo do discurso petista. Se eleito, far\u00e1 o que precisa ser feito para recolocar o pa\u00eds na rota do crescimento.<\/p>\n<p>&nbsp;<\/p>\n<p>Sem infla\u00e7\u00e3o sob controle e contas p\u00fablicas nos eixos, n\u00e3o h\u00e1 como o PT fazer pol\u00edtica social. &#8220;Uma coisa \u00e9 o discurso eleitoral, outro, o pragmatismo do governo. O PT sabe que n\u00e3o pode cometer novamente os erros de Dilma&#8221;, diz um t\u00e9cnico.<\/p>\n<p>&nbsp;<\/p>\n<p><em>Bras\u00edlia, 15h10min<\/em><\/p>\n","protected":false},"excerpt":{"rendered":"<p>T\u00e9cnicos da equipe econ\u00f4mica do governo t\u00eam feito enquetes sobre um poss\u00edvel segundo turno entre Jair Bolsonaro (PSL) e Fernando Haddad (PT). A maioria prefere a vit\u00f3ria do petista, pela racionalidade. &nbsp; Na avalia\u00e7\u00e3o dos t\u00e9cnicos, Bolsonaro \u00e9 o que h\u00e1 de pior. Nem mesmo o fato de o ex-capit\u00e3o do Ex\u00e9rcito estar aliado ao [&hellip;]<\/p>\n","protected":false},"author":22,"featured_media":0,"comment_status":"open","ping_status":"closed","sticky":false,"template":"","format":"standard","meta":{"footnotes":""},"categories":[600],"tags":[],"class_list":["post-9030","post","type-post","status-publish","format-standard","hentry","category-economia"],"_links":{"self":[{"href":"https:\/\/blogs.correiobraziliense.com.br\/vicente\/wp-json\/wp\/v2\/posts\/9030","targetHints":{"allow":["GET"]}}],"collection":[{"href":"https:\/\/blogs.correiobraziliense.com.br\/vicente\/wp-json\/wp\/v2\/posts"}],"about":[{"href":"https:\/\/blogs.correiobraziliense.com.br\/vicente\/wp-json\/wp\/v2\/types\/post"}],"author":[{"embeddable":true,"href":"https:\/\/blogs.correiobraziliense.com.br\/vicente\/wp-json\/wp\/v2\/users\/22"}],"replies":[{"embeddable":true,"href":"https:\/\/blogs.correiobraziliense.com.br\/vicente\/wp-json\/wp\/v2\/comments?post=9030"}],"version-history":[{"count":1,"href":"https:\/\/blogs.correiobraziliense.com.br\/vicente\/wp-json\/wp\/v2\/posts\/9030\/revisions"}],"predecessor-version":[{"id":9031,"href":"https:\/\/blogs.correiobraziliense.com.br\/vicente\/wp-json\/wp\/v2\/posts\/9030\/revisions\/9031"}],"wp:attachment":[{"href":"https:\/\/blogs.correiobraziliense.com.br\/vicente\/wp-json\/wp\/v2\/media?parent=9030"}],"wp:term":[{"taxonomy":"category","embeddable":true,"href":"https:\/\/blogs.correiobraziliense.com.br\/vicente\/wp-json\/wp\/v2\/categories?post=9030"},{"taxonomy":"post_tag","embeddable":true,"href":"https:\/\/blogs.correiobraziliense.com.br\/vicente\/wp-json\/wp\/v2\/tags?post=9030"}],"curies":[{"name":"wp","href":"https:\/\/api.w.org\/{rel}","templated":true}]}}