{"id":9026,"date":"2018-08-23T12:56:56","date_gmt":"2018-08-23T15:56:56","guid":{"rendered":"https:\/\/blogs.correiobraziliense.com.br\/vicente\/?p=9026"},"modified":"2018-08-23T16:09:38","modified_gmt":"2018-08-23T19:09:38","slug":"com-dolar-acima-de-r-4-juros-podem-subir-diz-volpon","status":"publish","type":"post","link":"https:\/\/blogs.correiobraziliense.com.br\/vicente\/com-dolar-acima-de-r-4-juros-podem-subir-diz-volpon\/","title":{"rendered":"Com d\u00f3lar acima de R$ 4, juros podem subir, diz Volpon"},"content":{"rendered":"<h2>O economista-chefe do Banco UBS, Tony Volpon, acredita que, com o d\u00f3lar acima de R$ 4 por todo o per\u00edodo eleitoral, o Banco Central ter\u00e1 que aumentar a taxa b\u00e1sica de juros (Selic) ainda neste ano.<\/h2>\n<p>&nbsp;<\/p>\n<p>O BC, no entanto, resiste em mexer na Selic. Para a institui\u00e7\u00e3o, com a infla\u00e7\u00e3o dentro da meta, n\u00e3o h\u00e1 motivo para um aperto monet\u00e1rio, sobretudo com n\u00edvel t\u00e3o fraco da atividade e desemprego elevado.<\/p>\n<p>&nbsp;<\/p>\n<p>O IPCA-15 de agosto, de 0,13%, o menor para este m\u00eas desde 2010, refor\u00e7a o discurso do BC. Mas h\u00e1, sim, o risco para a infla\u00e7\u00e3o de 2019, para a qual a pol\u00edtica monet\u00e1ria j\u00e1 est\u00e1 mirando.<\/p>\n<p>&nbsp;<\/p>\n<p>D\u00f3lar alto por muito tempo e incertezas pol\u00edticas ajudam a tumultuar o ambiente. N\u00e3o se pode esquecer que a meta de infla\u00e7\u00e3o para 2019 \u00e9 de 4,25%. Para 2020, o objetivo ficou em 4% e, para 2021, em 3,75%.<\/p>\n<p>&nbsp;<\/p>\n<p><em>Bras\u00edlia,\u00a0 12h26min<\/em><\/p>\n","protected":false},"excerpt":{"rendered":"<p>O economista-chefe do Banco UBS, Tony Volpon, acredita que, com o d\u00f3lar acima de R$ 4 por todo o per\u00edodo eleitoral, o Banco Central ter\u00e1 que aumentar a taxa b\u00e1sica de juros (Selic) ainda neste ano. &nbsp; O BC, no entanto, resiste em mexer na Selic. Para a institui\u00e7\u00e3o, com a infla\u00e7\u00e3o dentro da meta, [&hellip;]<\/p>\n","protected":false},"author":22,"featured_media":0,"comment_status":"open","ping_status":"closed","sticky":false,"template":"","format":"standard","meta":{"footnotes":""},"categories":[600],"tags":[],"class_list":["post-9026","post","type-post","status-publish","format-standard","hentry","category-economia"],"_links":{"self":[{"href":"https:\/\/blogs.correiobraziliense.com.br\/vicente\/wp-json\/wp\/v2\/posts\/9026","targetHints":{"allow":["GET"]}}],"collection":[{"href":"https:\/\/blogs.correiobraziliense.com.br\/vicente\/wp-json\/wp\/v2\/posts"}],"about":[{"href":"https:\/\/blogs.correiobraziliense.com.br\/vicente\/wp-json\/wp\/v2\/types\/post"}],"author":[{"embeddable":true,"href":"https:\/\/blogs.correiobraziliense.com.br\/vicente\/wp-json\/wp\/v2\/users\/22"}],"replies":[{"embeddable":true,"href":"https:\/\/blogs.correiobraziliense.com.br\/vicente\/wp-json\/wp\/v2\/comments?post=9026"}],"version-history":[{"count":1,"href":"https:\/\/blogs.correiobraziliense.com.br\/vicente\/wp-json\/wp\/v2\/posts\/9026\/revisions"}],"predecessor-version":[{"id":9028,"href":"https:\/\/blogs.correiobraziliense.com.br\/vicente\/wp-json\/wp\/v2\/posts\/9026\/revisions\/9028"}],"wp:attachment":[{"href":"https:\/\/blogs.correiobraziliense.com.br\/vicente\/wp-json\/wp\/v2\/media?parent=9026"}],"wp:term":[{"taxonomy":"category","embeddable":true,"href":"https:\/\/blogs.correiobraziliense.com.br\/vicente\/wp-json\/wp\/v2\/categories?post=9026"},{"taxonomy":"post_tag","embeddable":true,"href":"https:\/\/blogs.correiobraziliense.com.br\/vicente\/wp-json\/wp\/v2\/tags?post=9026"}],"curies":[{"name":"wp","href":"https:\/\/api.w.org\/{rel}","templated":true}]}}