{"id":9024,"date":"2018-08-23T10:52:48","date_gmt":"2018-08-23T13:52:48","guid":{"rendered":"https:\/\/blogs.correiobraziliense.com.br\/vicente\/?p=9024"},"modified":"2018-08-23T15:58:53","modified_gmt":"2018-08-23T18:58:53","slug":"guerra-de-egos-nas-campanhas-eleitorais","status":"publish","type":"post","link":"https:\/\/blogs.correiobraziliense.com.br\/vicente\/guerra-de-egos-nas-campanhas-eleitorais\/","title":{"rendered":"Guerra de egos nas campanhas eleitorais"},"content":{"rendered":"<p>A propaganda eleitoral na tev\u00ea e no r\u00e1dio nem come\u00e7ou, mas j\u00e1 h\u00e1 campanhas em crise.<\/p>\n<p>&nbsp;<\/p>\n<p>A guerra de egos entre marqueteiros e estrategistas de redes sociais pode implodir algumas candidaturas.<\/p>\n<p>&nbsp;<\/p>\n<p>Esse povo n\u00e3o aprende.<\/p>\n<p>&nbsp;<\/p>\n<p><em>Bras\u00edlia, 10h52min<\/em><\/p>\n","protected":false},"excerpt":{"rendered":"<p>A propaganda eleitoral na tev\u00ea e no r\u00e1dio nem come\u00e7ou, mas j\u00e1 h\u00e1 campanhas em crise. &nbsp; A guerra de egos entre marqueteiros e estrategistas de redes sociais pode implodir algumas candidaturas. &nbsp; Esse povo n\u00e3o aprende. &nbsp; Bras\u00edlia, 10h52min<\/p>\n","protected":false},"author":22,"featured_media":0,"comment_status":"open","ping_status":"closed","sticky":false,"template":"","format":"standard","meta":{"footnotes":""},"categories":[600],"tags":[],"class_list":["post-9024","post","type-post","status-publish","format-standard","hentry","category-economia"],"_links":{"self":[{"href":"https:\/\/blogs.correiobraziliense.com.br\/vicente\/wp-json\/wp\/v2\/posts\/9024","targetHints":{"allow":["GET"]}}],"collection":[{"href":"https:\/\/blogs.correiobraziliense.com.br\/vicente\/wp-json\/wp\/v2\/posts"}],"about":[{"href":"https:\/\/blogs.correiobraziliense.com.br\/vicente\/wp-json\/wp\/v2\/types\/post"}],"author":[{"embeddable":true,"href":"https:\/\/blogs.correiobraziliense.com.br\/vicente\/wp-json\/wp\/v2\/users\/22"}],"replies":[{"embeddable":true,"href":"https:\/\/blogs.correiobraziliense.com.br\/vicente\/wp-json\/wp\/v2\/comments?post=9024"}],"version-history":[{"count":2,"href":"https:\/\/blogs.correiobraziliense.com.br\/vicente\/wp-json\/wp\/v2\/posts\/9024\/revisions"}],"predecessor-version":[{"id":9027,"href":"https:\/\/blogs.correiobraziliense.com.br\/vicente\/wp-json\/wp\/v2\/posts\/9024\/revisions\/9027"}],"wp:attachment":[{"href":"https:\/\/blogs.correiobraziliense.com.br\/vicente\/wp-json\/wp\/v2\/media?parent=9024"}],"wp:term":[{"taxonomy":"category","embeddable":true,"href":"https:\/\/blogs.correiobraziliense.com.br\/vicente\/wp-json\/wp\/v2\/categories?post=9024"},{"taxonomy":"post_tag","embeddable":true,"href":"https:\/\/blogs.correiobraziliense.com.br\/vicente\/wp-json\/wp\/v2\/tags?post=9024"}],"curies":[{"name":"wp","href":"https:\/\/api.w.org\/{rel}","templated":true}]}}