{"id":9022,"date":"2018-08-23T06:35:06","date_gmt":"2018-08-23T09:35:06","guid":{"rendered":"https:\/\/blogs.correiobraziliense.com.br\/vicente\/?p=9022"},"modified":"2018-08-23T10:39:57","modified_gmt":"2018-08-23T13:39:57","slug":"correio-economico-os-investidores-caem-na-real","status":"publish","type":"post","link":"https:\/\/blogs.correiobraziliense.com.br\/vicente\/correio-economico-os-investidores-caem-na-real\/","title":{"rendered":"Correio Econ\u00f4mico: Os investidores caem na real"},"content":{"rendered":"<h2>A pergunta que mais vem inquietando os investidores \u00e9: quanto valer\u00e3o os ativos em um eventual novo governo PT? Durante os \u00faltimos meses, os investidores apostaram todas as fichas que, com o ex-presidente Lula preso, o partido dele n\u00e3o teria for\u00e7a para chegar \u00e0 reta final das elei\u00e7\u00f5es presidenciais com chances de vit\u00f3ria. Muitos desdenharam do poder eleitoral do l\u00edder petista, que montou uma estrat\u00e9gia vitoriosa para se manter em evid\u00eancia mesmo estando atr\u00e1s das grades. Hoje, boa parte do mercado n\u00e3o descarta a possibilidade de o candidato efetivo do PT, Fernando Haddad, estar no segundo turno e sair vitorioso das urnas.<\/h2>\n<h2><\/h2>\n<p>Essa queda na real explica a histeria que tomou conta dos investidores nos \u00faltimos dias. Os pre\u00e7os do d\u00f3lar e o Ibovespa, principal \u00edndice de lucratividade da Bolsa de Valores de S\u00e3o Paulo, passaram a incorporar o que os donos do dinheiro chamam de risco PT, a repeti\u00e7\u00e3o da desastrosa pol\u00edtica econ\u00f4mica que vigorou na reta final do governo Lula e imperou no mandato de Dilma Rousseff. O estrago foi t\u00e3o grande que o Brasil ainda n\u00e3o conseguiu se levantar da recess\u00e3o que deixou 13 milh\u00f5es de desempregados e destruiu as contas p\u00fablicas. O escolhido para comandar o pa\u00eds a partir de 2019 ter\u00e1 de encarar uma economia em frangalhos.<\/p>\n<p>&nbsp;<\/p>\n<p>O PT faz de conta que n\u00e3o tem nada a ver com o desastre prolongado que aflige, sobretudo, os mais pobres, os grandes eleitores do partido. E teve a sorte de entregar o pa\u00eds a Michel Temer. Tudo de ruim que os governos petistas fizeram est\u00e1 sendo creditado ao atual presidente. Essa, inclusive, \u00e9 a raz\u00e3o para 39% do eleitorado dizer que vota em Lula, caso ele seja candidato \u00e0 Presid\u00eancia. Muitos acreditam que, no Pal\u00e1cio do Planalto, o petista trar\u00e1 de volta, num passe de m\u00e1gica, os bons momentos que permitiram a incorpora\u00e7\u00e3o de quase 50 milh\u00f5es de pessoas no mercado de consumo. \u00c9 ilus\u00e3o. Mas o PT sabe vender bem esse sonho, assim como soube criar um pa\u00eds fict\u00edcio, no qual tudo ia bem, para reeleger Dilma.<\/p>\n<p>&nbsp;<\/p>\n<p><strong>Lava-Jato<\/strong><\/p>\n<p>&nbsp;<\/p>\n<p>N\u00e3o s\u00e3o apenas os mais pobres que sonham em ter o PT de volta no comando do pa\u00eds. A vit\u00f3ria do partido interessa \u00e0 elite corrupta, que torce, dia e noite, para o fim da Opera\u00e7\u00e3o Lava-Jato. Algu\u00e9m acredita que, com um petista na Presid\u00eancia, as investiga\u00e7\u00f5es que levaram Lula para a pris\u00e3o, depois de ser condenado a 12 anos pelos crimes de lavagem de dinheiro e de corrup\u00e7\u00e3o, continuar\u00e3o com a facilidade e a rapidez vistas hoje? N\u00e3o \u00e9 de se estranhar, portanto, que os principais l\u00edderes dos partidos do Centr\u00e3o, que est\u00e3o na coliga\u00e7\u00e3o de Geraldo Alckmin (PSDB), alardeiam em alto e bom som que apoiam Lula.<\/p>\n<p>&nbsp;<\/p>\n<p>Ainda falta um m\u00eas e meio para as elei\u00e7\u00f5es. Na opini\u00e3o dos candidatos, \u00e9 um tempo curto demais para uma campanha t\u00e3o embolada e sem dinheiro. Mas, do ponto de vista daqueles que v\u00e3o depositar os votos nas urnas, ser\u00e1 poss\u00edvel amadurecer decis\u00f5es com tranquilidade e, principalmente, ju\u00edzo. O pa\u00eds n\u00e3o pode errar de novo. \u00c9 imperativo analisar de forma criteriosa as propostas dos postulantes ao Pal\u00e1cio do Planalto. Viver do passado \u00e9 perigoso. O Brasil precisa de um governante comprometido com reformas, que conhe\u00e7a a fundo os problemas da economia e n\u00e3o se deixe levar pela demagogia.<\/p>\n<p>&nbsp;<\/p>\n<p><em>Bras\u00edlia, 06h35min<\/em><\/p>\n","protected":false},"excerpt":{"rendered":"<p>A pergunta que mais vem inquietando os investidores \u00e9: quanto valer\u00e3o os ativos em um eventual novo governo PT? Durante os \u00faltimos meses, os investidores apostaram todas as fichas que, com o ex-presidente Lula preso, o partido dele n\u00e3o teria for\u00e7a para chegar \u00e0 reta final das elei\u00e7\u00f5es presidenciais com chances de vit\u00f3ria. Muitos desdenharam [&hellip;]<\/p>\n","protected":false},"author":22,"featured_media":0,"comment_status":"open","ping_status":"closed","sticky":false,"template":"","format":"standard","meta":{"footnotes":""},"categories":[600],"tags":[],"class_list":["post-9022","post","type-post","status-publish","format-standard","hentry","category-economia"],"_links":{"self":[{"href":"https:\/\/blogs.correiobraziliense.com.br\/vicente\/wp-json\/wp\/v2\/posts\/9022","targetHints":{"allow":["GET"]}}],"collection":[{"href":"https:\/\/blogs.correiobraziliense.com.br\/vicente\/wp-json\/wp\/v2\/posts"}],"about":[{"href":"https:\/\/blogs.correiobraziliense.com.br\/vicente\/wp-json\/wp\/v2\/types\/post"}],"author":[{"embeddable":true,"href":"https:\/\/blogs.correiobraziliense.com.br\/vicente\/wp-json\/wp\/v2\/users\/22"}],"replies":[{"embeddable":true,"href":"https:\/\/blogs.correiobraziliense.com.br\/vicente\/wp-json\/wp\/v2\/comments?post=9022"}],"version-history":[{"count":1,"href":"https:\/\/blogs.correiobraziliense.com.br\/vicente\/wp-json\/wp\/v2\/posts\/9022\/revisions"}],"predecessor-version":[{"id":9023,"href":"https:\/\/blogs.correiobraziliense.com.br\/vicente\/wp-json\/wp\/v2\/posts\/9022\/revisions\/9023"}],"wp:attachment":[{"href":"https:\/\/blogs.correiobraziliense.com.br\/vicente\/wp-json\/wp\/v2\/media?parent=9022"}],"wp:term":[{"taxonomy":"category","embeddable":true,"href":"https:\/\/blogs.correiobraziliense.com.br\/vicente\/wp-json\/wp\/v2\/categories?post=9022"},{"taxonomy":"post_tag","embeddable":true,"href":"https:\/\/blogs.correiobraziliense.com.br\/vicente\/wp-json\/wp\/v2\/tags?post=9022"}],"curies":[{"name":"wp","href":"https:\/\/api.w.org\/{rel}","templated":true}]}}