{"id":9020,"date":"2018-08-22T15:26:20","date_gmt":"2018-08-22T18:26:20","guid":{"rendered":"https:\/\/blogs.correiobraziliense.com.br\/vicente\/?p=9020"},"modified":"2018-08-22T15:26:20","modified_gmt":"2018-08-22T18:26:20","slug":"com-dolar-alto-momento-e-de-cautela-para-os-turistas-dizem-especialistas","status":"publish","type":"post","link":"https:\/\/blogs.correiobraziliense.com.br\/vicente\/com-dolar-alto-momento-e-de-cautela-para-os-turistas-dizem-especialistas\/","title":{"rendered":"Com d\u00f3lar alto, momento \u00e9 de cautela para os turistas, dizem especialistas"},"content":{"rendered":"<h2>GABRIEL PONTE<br \/>\nHAMILTON FERRARI<\/h2>\n<h2><\/h2>\n<h2>As pessoas com viagem marcada para o exterior precisam ter cuidado com a alta da moeda norte-americana. Em consulta \u00e0s ag\u00eancias de c\u00e2mbio de Bras\u00edlia, o <strong>Blog<\/strong> verificou que o d\u00f3lar turismo varia entre R$ 4,23 e R$ 4,28 para a compra da moeda em esp\u00e9cie, e de R$ 4,47 a R$ 4,49 para cart\u00f5es pr\u00e9-pagos.<\/h2>\n<h2><\/h2>\n<p>De acordo com educadores financeiros, o consumidor precisa ter cautela para n\u00e3o sair no preju\u00edzo. Eles defendem que \u00e9 preciso refazer as contas e, se preciso, reajustar o roteiro da viagem aos novos custos. Al\u00e9m disso, a recomenda\u00e7\u00e3o \u00e9 fazer compras da moeda em partes, para n\u00e3o ficar ref\u00e9m de poss\u00edveis disparadas da moeda.<\/p>\n<p>&nbsp;<\/p>\n<p>O presidente da Associa\u00e7\u00e3o Brasileira de Educadores Financeiros, Reinaldo Domingos, explicou que qualquer previs\u00e3o a ser feita para os pr\u00f3ximos meses sobre o futuro do d\u00f3lar, at\u00e9 o per\u00edodo das elei\u00e7\u00f5es, ser\u00e1 \u201cmera especula\u00e7\u00e3o\u201d.<\/p>\n<p>&nbsp;<\/p>\n<p>\u201cQuem estava pensando em viajar para fora do pa\u00eds e precisaria trocar o real pelo d\u00f3lar ter\u00e1 que repensar os gastos. Esse valor pode aumentar bastante, pois entram na conta a passagem a\u00e9rea, passeios, IOF (Imposto sobre opera\u00e7\u00f5es financeiras) do cart\u00e3o de cr\u00e9dito, etc\u201d, disse Domingos.<\/p>\n<p>&nbsp;<\/p>\n<p>Portanto, aquele que ainda n\u00e3o tinha se programado para uma viagem internacional, pode adi\u00e1-la para se planejar melhor e n\u00e3o correr o risco de se endividar seriamente. Terezinha Rocha, especialista em finan\u00e7as pessoais, declarou que tamb\u00e9m \u00e9 preciso ter cuidado com o cart\u00e3o de cr\u00e9dito durante a viagem.<\/p>\n<p>&nbsp;<\/p>\n<p>\u201cOs juros s\u00e3o alt\u00edssimos, ent\u00e3o \u00e9 preciso enquadrar tudo no planejamento. Esse ditado de \u2018quem converte n\u00e3o se diverte\u2019 n\u00e3o existe, porque vai fazer com que a pessoa pague d\u00edvidas no futuro\u201d, alegou Rocha.<\/p>\n<p>&nbsp;<\/p>\n<p><em>Bras\u00edlia, 15h22min<\/em><\/p>\n","protected":false},"excerpt":{"rendered":"<p>GABRIEL PONTE HAMILTON FERRARI As pessoas com viagem marcada para o exterior precisam ter cuidado com a alta da moeda norte-americana. Em consulta \u00e0s ag\u00eancias de c\u00e2mbio de Bras\u00edlia, o Blog verificou que o d\u00f3lar turismo varia entre R$ 4,23 e R$ 4,28 para a compra da moeda em esp\u00e9cie, e de R$ 4,47 a [&hellip;]<\/p>\n","protected":false},"author":22,"featured_media":0,"comment_status":"open","ping_status":"closed","sticky":false,"template":"","format":"standard","meta":{"footnotes":""},"categories":[600],"tags":[343,3599,668],"class_list":["post-9020","post","type-post","status-publish","format-standard","hentry","category-economia","tag-dolar","tag-turismo","tag-viagem"],"_links":{"self":[{"href":"https:\/\/blogs.correiobraziliense.com.br\/vicente\/wp-json\/wp\/v2\/posts\/9020","targetHints":{"allow":["GET"]}}],"collection":[{"href":"https:\/\/blogs.correiobraziliense.com.br\/vicente\/wp-json\/wp\/v2\/posts"}],"about":[{"href":"https:\/\/blogs.correiobraziliense.com.br\/vicente\/wp-json\/wp\/v2\/types\/post"}],"author":[{"embeddable":true,"href":"https:\/\/blogs.correiobraziliense.com.br\/vicente\/wp-json\/wp\/v2\/users\/22"}],"replies":[{"embeddable":true,"href":"https:\/\/blogs.correiobraziliense.com.br\/vicente\/wp-json\/wp\/v2\/comments?post=9020"}],"version-history":[{"count":1,"href":"https:\/\/blogs.correiobraziliense.com.br\/vicente\/wp-json\/wp\/v2\/posts\/9020\/revisions"}],"predecessor-version":[{"id":9021,"href":"https:\/\/blogs.correiobraziliense.com.br\/vicente\/wp-json\/wp\/v2\/posts\/9020\/revisions\/9021"}],"wp:attachment":[{"href":"https:\/\/blogs.correiobraziliense.com.br\/vicente\/wp-json\/wp\/v2\/media?parent=9020"}],"wp:term":[{"taxonomy":"category","embeddable":true,"href":"https:\/\/blogs.correiobraziliense.com.br\/vicente\/wp-json\/wp\/v2\/categories?post=9020"},{"taxonomy":"post_tag","embeddable":true,"href":"https:\/\/blogs.correiobraziliense.com.br\/vicente\/wp-json\/wp\/v2\/tags?post=9020"}],"curies":[{"name":"wp","href":"https:\/\/api.w.org\/{rel}","templated":true}]}}