{"id":9015,"date":"2018-08-22T12:17:16","date_gmt":"2018-08-22T15:17:16","guid":{"rendered":"https:\/\/blogs.correiobraziliense.com.br\/vicente\/?p=9015"},"modified":"2018-08-22T12:17:16","modified_gmt":"2018-08-22T15:17:16","slug":"nao-para-de-subir-dolar-chega-r-409-nesta-quarta","status":"publish","type":"post","link":"https:\/\/blogs.correiobraziliense.com.br\/vicente\/nao-para-de-subir-dolar-chega-r-409-nesta-quarta\/","title":{"rendered":"N\u00e3o para de subir: d\u00f3lar chega a R$ 4,09 nesta quarta"},"content":{"rendered":"<h2>HAMILTON FERRARI<\/h2>\n<h2><\/h2>\n<h2>As pesquisas de inten\u00e7\u00e3o de voto das elei\u00e7\u00f5es presidenciais est\u00e3o deixando os investidores inquietos. O d\u00f3lar, que rompeu a barreira dos R$ 4 nesta ter\u00e7a-feira (22\/8), subiu ainda mais nesta manh\u00e3, chegando a R$ 4,09. O Ibovespa, principal \u00edndice da Bolsa de Valores de S\u00e3o Paulo (B3), esteve em queda durante toda a manh\u00e3, mas passou a registrar alta depois da abertura dos neg\u00f3cios em Nova York.<\/h2>\n<h2><\/h2>\n<p>\u00c0s 12h, a moeda norte-americana estava em R$ 4,085, ap\u00f3s avan\u00e7o de 1,21%. O Ibovespa subia 0,64%, cotado aos 75.659 pontos. Mesmo com a sexta alta consecutiva, o Banco Central (BC), at\u00e9 ent\u00e3o, n\u00e3o interveio no mercado para segurar o c\u00e2mbio.<\/p>\n<p>&nbsp;<\/p>\n<p>H\u00e1 um grande des\u00e2nimo entre os investidores quanto as pesquisas de inten\u00e7\u00e3o de votos. Desde segunda-feira (20\/8), as pesquisas Ibope, CNT e Datafolha mostraram que Geraldo Alckmin (PSDB) est\u00e1 longe do segundo turno. Preferido pelo mercado, o tucano \u00e9 visto como o principal nome para dar continuidade \u00e0 agenda de reformas e ajuste fiscal. Ele corre com cerca de 9% das inten\u00e7\u00f5es de voto, atr\u00e1s de Jair Bolsonaro (22%),\u00a0 Marina Silva (16%) e empatado com Ciro Gomes (10%).<\/p>\n<p>&nbsp;<\/p>\n<p>Mais do que isso, come\u00e7a-se a precificar Bolsonaro (PSL) como um prov\u00e1vel concorrente na pr\u00f3xima fase do pleito. Apesar de ser de direita e apoiado por parte do mercado, alguns agentes ainda s\u00e3o c\u00e9ticos quanto \u00e0 fidelidade do candidato com a agenda de reformas e ao discurso de austeridade fiscal.<\/p>\n<p>&nbsp;<\/p>\n<p>Alguns analistas acreditam que Alckmin s\u00f3 ter\u00e1 um desempenho melhor nas pesquisas quando come\u00e7ar o hor\u00e1rio eleitoral gratuito. O tucano \u00e9 o candidato que tem maior tempo de televis\u00e3o, fator que \u00e9 fundamental para o apoio dos eleitores. \u201cGeraldo Alckmin ficar\u00e1 parado neste patamar por mais um tempo, mas n\u00e3o tem porque n\u00e3o acreditar que n\u00e3o possa melhorar sua posi\u00e7\u00e3o quando o hor\u00e1rio gratuito come\u00e7ar e ele puder usar seu acordo caro com o centr\u00e3o\u201d, avaliou Andr\u00e9 Perfeito, economista-chefe da Spinelli Investimentos.<\/p>\n<p>&nbsp;<\/p>\n<p><em>Bras\u00edlia, 12h12min<\/em><\/p>\n","protected":false},"excerpt":{"rendered":"<p>HAMILTON FERRARI As pesquisas de inten\u00e7\u00e3o de voto das elei\u00e7\u00f5es presidenciais est\u00e3o deixando os investidores inquietos. O d\u00f3lar, que rompeu a barreira dos R$ 4 nesta ter\u00e7a-feira (22\/8), subiu ainda mais nesta manh\u00e3, chegando a R$ 4,09. O Ibovespa, principal \u00edndice da Bolsa de Valores de S\u00e3o Paulo (B3), esteve em queda durante toda a [&hellip;]<\/p>\n","protected":false},"author":22,"featured_media":0,"comment_status":"open","ping_status":"closed","sticky":false,"template":"","format":"standard","meta":{"footnotes":""},"categories":[600],"tags":[850,3,849,343,753,2759],"class_list":["post-9015","post","type-post","status-publish","format-standard","hentry","category-economia","tag-alta","tag-banco-central","tag-cambio","tag-dolar","tag-mercado","tag-moeda"],"_links":{"self":[{"href":"https:\/\/blogs.correiobraziliense.com.br\/vicente\/wp-json\/wp\/v2\/posts\/9015","targetHints":{"allow":["GET"]}}],"collection":[{"href":"https:\/\/blogs.correiobraziliense.com.br\/vicente\/wp-json\/wp\/v2\/posts"}],"about":[{"href":"https:\/\/blogs.correiobraziliense.com.br\/vicente\/wp-json\/wp\/v2\/types\/post"}],"author":[{"embeddable":true,"href":"https:\/\/blogs.correiobraziliense.com.br\/vicente\/wp-json\/wp\/v2\/users\/22"}],"replies":[{"embeddable":true,"href":"https:\/\/blogs.correiobraziliense.com.br\/vicente\/wp-json\/wp\/v2\/comments?post=9015"}],"version-history":[{"count":1,"href":"https:\/\/blogs.correiobraziliense.com.br\/vicente\/wp-json\/wp\/v2\/posts\/9015\/revisions"}],"predecessor-version":[{"id":9016,"href":"https:\/\/blogs.correiobraziliense.com.br\/vicente\/wp-json\/wp\/v2\/posts\/9015\/revisions\/9016"}],"wp:attachment":[{"href":"https:\/\/blogs.correiobraziliense.com.br\/vicente\/wp-json\/wp\/v2\/media?parent=9015"}],"wp:term":[{"taxonomy":"category","embeddable":true,"href":"https:\/\/blogs.correiobraziliense.com.br\/vicente\/wp-json\/wp\/v2\/categories?post=9015"},{"taxonomy":"post_tag","embeddable":true,"href":"https:\/\/blogs.correiobraziliense.com.br\/vicente\/wp-json\/wp\/v2\/tags?post=9015"}],"curies":[{"name":"wp","href":"https:\/\/api.w.org\/{rel}","templated":true}]}}