{"id":9012,"date":"2018-08-21T18:08:32","date_gmt":"2018-08-21T21:08:32","guid":{"rendered":"https:\/\/blogs.correiobraziliense.com.br\/vicente\/?p=9012"},"modified":"2018-08-21T19:28:56","modified_gmt":"2018-08-21T22:28:56","slug":"com-medo-do-pt-dolar-vai-r-403-e-bolsa-cai-15","status":"publish","type":"post","link":"https:\/\/blogs.correiobraziliense.com.br\/vicente\/com-medo-do-pt-dolar-vai-r-403-e-bolsa-cai-15\/","title":{"rendered":"Com medo do PT, d\u00f3lar vai a R$ 4,03 e Bolsa cai 1,5%"},"content":{"rendered":"<h2>O mercado financeiro viveu um dia de nervosismo nesta ter\u00e7a-feira (21\/08), diante da possibilidade de o candidato do PT, provavelmente Fernando Haddad, ex-prefeito de S\u00e3o Paulo, chegar ao segundo turno das elei\u00e7\u00f5es presidenciais. O d\u00f3lar disparou, fechando a R$ 4,03, com alta de 1,97%. \u00c9 a maior cota\u00e7\u00e3o desde fevereiro de 2016. A Bolsa de Valores de S\u00e3o Paulo desabou 1,5%, para os 75.180 pontos, o n\u00edvel mais baixo desde 11 de julho.<\/h2>\n<p>&nbsp;<\/p>\n<p>Os analistas acreditam que, com Lula cada vez mais forte nas pesquisas, ele conseguir\u00e1 transferir boa parte de seus votos para Haddad. Lula est\u00e1 preso, condenado a 12 anos de pris\u00e3o por corrup\u00e7\u00e3o e lavagem de dinheiro. Ele dever\u00e1 ter a candidatura impugnada pelo Tribunal Superior Eleitoral (TSE) por ser considerado ficha suja.<\/p>\n<p>&nbsp;<\/p>\n<p>Na avalia\u00e7\u00e3o dos investidores, com 37% das inten\u00e7\u00f5es de votos, mesmo preso,Lula\u00a0 est\u00e1 mobilizando o eleitorado mais do que qualquer outro candidato. Com isso, as proje\u00e7\u00f5es s\u00e3o de que Haddad, quando for efetivado como candidato do PT, j\u00e1 sair\u00e1 com pelo menos 15% das inten\u00e7\u00f5es de votos. Hoje, dizem os especialistas, s\u00e3o expressivas as chances de o segundo turno ser disputado entre Haddad e Jair Bolsonaro, do PSL. Nenhum dos dois se enquadram no perfil de candidato que o mercado deseja.<\/p>\n<p>&nbsp;<\/p>\n<p>Para desespero dos donos do dinheiro, o preferido deles, Geraldo Alckmin (PSDB), n\u00e3o consegue decolar, mesmo tendo fechado uma ampla alian\u00e7a com o Centr\u00e3o. O tucano se mant\u00e9m, na m\u00e9dia, com 7% das inten\u00e7\u00f5es de votos, atr\u00e1s de Ciro Gomes (PDT) e de Marina Silva (Rede). Os investidores acreditavam que, depois do in\u00edcio da campanha, Alckmin decolaria. Agora, torcem para que ele conquiste votos depois do in\u00edcio da campanha da tev\u00ea, a partir de 31 de agosto.<\/p>\n<p>&nbsp;<\/p>\n<p>O mercado teme o PT, sobretudo, por causa do desastre econ\u00f4mico provocado por Dilma Rousseff. Ela empurrou o pa\u00eds para uma das mais graves recess\u00f5es da hist\u00f3ria, que levou mais de 13 milh\u00f5es de brasileiros ao desemprego. Para os analistas, o risco de Haddad repetir os erros de Dilma \u00e9 grande. Al\u00e9m disso, o PT se mostra contr\u00e1rio a reformas importantes, como a da Previd\u00eancia Social, fundamental para o equil\u00edbrio das contas p\u00fablicas.<\/p>\n<p>&nbsp;<\/p>\n<p><em>Bras\u00edlia, 18h08min<\/em><\/p>\n","protected":false},"excerpt":{"rendered":"<p>O mercado financeiro viveu um dia de nervosismo nesta ter\u00e7a-feira (21\/08), diante da possibilidade de o candidato do PT, provavelmente Fernando Haddad, ex-prefeito de S\u00e3o Paulo, chegar ao segundo turno das elei\u00e7\u00f5es presidenciais. O d\u00f3lar disparou, fechando a R$ 4,03, com alta de 1,97%. \u00c9 a maior cota\u00e7\u00e3o desde fevereiro de 2016. A Bolsa de [&hellip;]<\/p>\n","protected":false},"author":22,"featured_media":0,"comment_status":"open","ping_status":"closed","sticky":false,"template":"","format":"standard","meta":{"footnotes":""},"categories":[600],"tags":[],"class_list":["post-9012","post","type-post","status-publish","format-standard","hentry","category-economia"],"_links":{"self":[{"href":"https:\/\/blogs.correiobraziliense.com.br\/vicente\/wp-json\/wp\/v2\/posts\/9012","targetHints":{"allow":["GET"]}}],"collection":[{"href":"https:\/\/blogs.correiobraziliense.com.br\/vicente\/wp-json\/wp\/v2\/posts"}],"about":[{"href":"https:\/\/blogs.correiobraziliense.com.br\/vicente\/wp-json\/wp\/v2\/types\/post"}],"author":[{"embeddable":true,"href":"https:\/\/blogs.correiobraziliense.com.br\/vicente\/wp-json\/wp\/v2\/users\/22"}],"replies":[{"embeddable":true,"href":"https:\/\/blogs.correiobraziliense.com.br\/vicente\/wp-json\/wp\/v2\/comments?post=9012"}],"version-history":[{"count":2,"href":"https:\/\/blogs.correiobraziliense.com.br\/vicente\/wp-json\/wp\/v2\/posts\/9012\/revisions"}],"predecessor-version":[{"id":9014,"href":"https:\/\/blogs.correiobraziliense.com.br\/vicente\/wp-json\/wp\/v2\/posts\/9012\/revisions\/9014"}],"wp:attachment":[{"href":"https:\/\/blogs.correiobraziliense.com.br\/vicente\/wp-json\/wp\/v2\/media?parent=9012"}],"wp:term":[{"taxonomy":"category","embeddable":true,"href":"https:\/\/blogs.correiobraziliense.com.br\/vicente\/wp-json\/wp\/v2\/categories?post=9012"},{"taxonomy":"post_tag","embeddable":true,"href":"https:\/\/blogs.correiobraziliense.com.br\/vicente\/wp-json\/wp\/v2\/tags?post=9012"}],"curies":[{"name":"wp","href":"https:\/\/api.w.org\/{rel}","templated":true}]}}