{"id":9010,"date":"2018-08-21T17:45:51","date_gmt":"2018-08-21T20:45:51","guid":{"rendered":"https:\/\/blogs.correiobraziliense.com.br\/vicente\/?p=9010"},"modified":"2018-08-21T19:04:17","modified_gmt":"2018-08-21T22:04:17","slug":"eurasia-ve-60-de-chances-de-bolsonaro-ir-para-o-segundo-turno","status":"publish","type":"post","link":"https:\/\/blogs.correiobraziliense.com.br\/vicente\/eurasia-ve-60-de-chances-de-bolsonaro-ir-para-o-segundo-turno\/","title":{"rendered":"Eurasia v\u00ea 60% de chances de Bolsonaro ir para o segundo turno"},"content":{"rendered":"<h2>ROSANA HESSEL<\/h2>\n<h2><\/h2>\n<h2>A poucos dias do in\u00edcio da campanha oficial na TV, no pr\u00f3ximo dia 31, as \u00faltimas pesquisas divulgadas mostram que o deputado federal Jair Bolsonaro, do Partido Social Liberal (PSL) e o esquerdista Partido dos Trabalhadores (PT) continuam na dianteira das inten\u00e7\u00f5es de voto, destacou a consultoria norte-americana Eurasia. \u201cBolsonaro e Lula se fortaleceram mais nos \u00faltimos dois meses e iniciar\u00e3o a campanha em posi\u00e7\u00f5es fortes\u201d, avalia a consultoria, em nota, citando as pesquisas CNT\/MDA e Ibope, divulgadas na segunda-feira (20\/08).<\/h2>\n<p>&nbsp;<\/p>\n<p>A Eurasia destaca o uso de metodologias diferentes nas duas pesquisas e refor\u00e7a que pelo menos outras duas enquetes sair\u00e3o nesta semana: Datafolha e XP\/Ipespe. Segundo a an\u00e1lise, enquanto o Ibope apurou dois cen\u00e1rios, com diferentes candidatos para o PT: um com o ex-presidente Luiz In\u00e1cio Lula da Silva e outro com o ex-prefeito de S\u00e3o Paulo Fernando Haddad, seu prov\u00e1vel substituto, a enquete da CNT\/MDA usou apenas um cen\u00e1rio, com Lula. \u201c\u00c9 muito prov\u00e1vel que o ex-presidente seja desqualificado dessa elei\u00e7\u00e3o, mas seu nome continuar\u00e1 nas pesquisas at\u00e9 que os tribunais rejeitem o pedido de candidatura, o que, provavelmente, acontecer\u00e1 na \u00faltima semana de agosto ou na primeira semana de setembro\u201d, destaca.<\/p>\n<p>&nbsp;<\/p>\n<p>A consultoria observa que as duas pesquisas mostraram crescimento de Lula e do candidato do PSL. \u201cNo caso de Bolsonaro, mostra que o ex-oficial militar n\u00e3o parou de crescer desde junho, contrariando expectativas da maioria dos pol\u00edticos e de muitos analistas locais, de que ele tinha atingido um teto de apoio e vai diminuir no in\u00edcio da campanha eleitoral. Sua mensagem antiestablishment \u00e9 claramente ressonante entre os eleitores, que est\u00e3o cansados da corrup\u00e7\u00e3o. N\u00e3o s\u00f3 ele cresceu um pouco na pergunta de c\u00e9dula sem ajuda, mas seu apoio sem ajuda agora \u00e9 de 15% \u2014 o que significa que ele est\u00e1 consolidando sua base\u201d, avalia a Eurasia. \u201cVale ressaltar que o apoio a Bolsonaro \u00e9 mais forte nos estados em que o PSDB costumava superar o PT nos anos anteriores\u201d, completa.<\/p>\n<p>&nbsp;<\/p>\n<p>Para a consultoria, os n\u00fameros das pesquisas do Ibope e da CNT\/MDA est\u00e3o de acordo com a probabilidade de 60% de Bolsonaro ir para o segundo turno, resistindo aos ataques durante a campanha com o apoio de sua base leal. Contudo, n\u00e3o h\u00e1 uma certeza de que haver\u00e1 uma embate do candidato do PSL com algu\u00e9m do PT. \u201cNo caso do PT, Lula n\u00e3o estar\u00e1 na c\u00e9dula. E, com certeza, seu substituto, Haddad, continua a mostrar um desempenho t\u00edmido em pesquisas\u201d, diz a Eurasia, citando que, na semana passada, na pesquisa semanal XP\/Ipespe, Haddade tinha 7% das inten\u00e7\u00f5es de votos e, na do Ibope, 4%, \u201cdentro da margem de erro da pesquisa do Ipespe\u201d.<\/p>\n<p>&nbsp;<\/p>\n<p>A Eurasia avalia ainda o baixo crescimento nas inten\u00e7\u00f5es de voto de Geraldo Alckmin (PSDB) e destaca que o tucano minimizou os n\u00fameros, que desapontaram aqueles que esperavam um impulso dele com as alian\u00e7as partid\u00e1rias firmadas em julho. \u201cAlckmin est\u00e1 pronto para crescer, mas apenas quando a vantagem do tempo de TV entrar em a\u00e7\u00e3o na pr\u00f3xima semana\u201d, afirma a consultoria. Para os analistas da Eurasia, contudo, Marina Silva (Rede) ainda tem chances de atrair os votos estrat\u00e9gicos de centro. \u201cUm r\u00e1pido olhar para as rejei\u00e7\u00f5es dos candidatos na tabela abaixo lembram que tanto Bolsonaro quanto Lula s\u00e3o aqueles com os maiores passivos em um poss\u00edvel escoamento. Se os centristas se preocupam cada vez mais com um segundo turno polarizado entre Bolsonaro e o PT, Marina Silva, com fortes credenciais anticorrup\u00e7\u00e3o, \u00e9 uma potencial candidata a se beneficiar\u201d, resume.<\/p>\n<p>&nbsp;<\/p>\n<p><strong>Taxas de rejei\u00e7\u00e3o<\/strong><\/p>\n<p>Jair Bolsonaro (PSL)\u00a0 \u00a0 \u00a0 \u00a0 \u00a0 \u00a0 \u00a0 \u00a0 \u00a0 \u00a0 \u00a037%<\/p>\n<p>Luiz In\u00e1cio Lula da Silva (PT)\u00a0 \u00a0 \u00a030%<\/p>\n<p>Geraldo Alckmin (PSDB)\u00a0 \u00a0 \u00a0 \u00a0 \u00a0 \u00a0 \u00a0 25%<\/p>\n<p>Marina Silva (Rede)\u00a0 \u00a0 \u00a0 \u00a0 \u00a0 \u00a0 \u00a0 \u00a0 \u00a0 \u00a0 \u00a0 \u00a023%<\/p>\n<p>Ciro Gomes (PDT)\u00a0 \u00a0 \u00a0 \u00a0 \u00a0 \u00a0 \u00a0 \u00a0 \u00a0 \u00a0 \u00a0 \u00a0 \u00a0 21%<\/p>\n<p>Fernando Haddad (PT)\u00a0 \u00a0 \u00a0 \u00a0 \u00a0 \u00a0 \u00a0 \u00a0 \u00a016%<\/p>\n<p>Henrique Meirelles (MDB)\u00a0 \u00a0 \u00a0 \u00a0 \u00a0 13%<\/p>\n<p>Cabo Daciolo (Patriotas)\u00a0 \u00a0 \u00a0 \u00a0 \u00a0 \u00a0 \u00a0 12%<\/p>\n<p>Guilherme Boulos (PSol)\u00a0 \u00a0 \u00a0 \u00a0 \u00a0 \u00a0 \u00a011%<\/p>\n<p>Jos\u00e9 Maria Eymael (DC)\u00a0 \u00a0 \u00a0 \u00a0 \u00a0 \u00a0 \u00a011%<\/p>\n<p>Alvaro Dias (Podemos)\u00a0 \u00a0 \u00a0 \u00a0 \u00a0 \u00a0 \u00a0 \u00a011%<\/p>\n<p>Jo\u00e3o Amoedo (Novo)\u00a0 \u00a0 \u00a0 \u00a0 \u00a0 \u00a0 \u00a0 \u00a0 \u00a0 10%<\/p>\n<p>Jo\u00e3o Goulart Filho (PPL)\u00a0 \u00a0 \u00a0 \u00a0 \u00a0 \u00a010%<\/p>\n<p>Vera Lucia (PSTU)\u00a0 \u00a0 \u00a0 \u00a0 \u00a0 \u00a0 \u00a0 \u00a0 \u00a0 \u00a0 \u00a0 10%<\/p>\n<p>Indecisos\u00a0 \u00a0 \u00a0 \u00a0 \u00a0 \u00a0 \u00a0 \u00a0 \u00a0 \u00a0 \u00a0 \u00a0 \u00a0 \u00a0 \u00a0 \u00a0 \u00a0 \u00a0 \u00a0 \u00a0 9%<\/p>\n<p>N\u00e3o pretende votar em nenhum 2%<\/p>\n<p>&nbsp;<\/p>\n<p><strong>Fontes<\/strong>: Eurasia\/Ibope.<\/p>\n","protected":false},"excerpt":{"rendered":"<p>ROSANA HESSEL A poucos dias do in\u00edcio da campanha oficial na TV, no pr\u00f3ximo dia 31, as \u00faltimas pesquisas divulgadas mostram que o deputado federal Jair Bolsonaro, do Partido Social Liberal (PSL) e o esquerdista Partido dos Trabalhadores (PT) continuam na dianteira das inten\u00e7\u00f5es de voto, destacou a consultoria norte-americana Eurasia. \u201cBolsonaro e Lula se [&hellip;]<\/p>\n","protected":false},"author":22,"featured_media":0,"comment_status":"open","ping_status":"closed","sticky":false,"template":"","format":"standard","meta":{"footnotes":""},"categories":[600],"tags":[2554,23,3596,422],"class_list":["post-9010","post","type-post","status-publish","format-standard","hentry","category-economia","tag-bolsonaro","tag-lula","tag-psl","tag-pt"],"_links":{"self":[{"href":"https:\/\/blogs.correiobraziliense.com.br\/vicente\/wp-json\/wp\/v2\/posts\/9010","targetHints":{"allow":["GET"]}}],"collection":[{"href":"https:\/\/blogs.correiobraziliense.com.br\/vicente\/wp-json\/wp\/v2\/posts"}],"about":[{"href":"https:\/\/blogs.correiobraziliense.com.br\/vicente\/wp-json\/wp\/v2\/types\/post"}],"author":[{"embeddable":true,"href":"https:\/\/blogs.correiobraziliense.com.br\/vicente\/wp-json\/wp\/v2\/users\/22"}],"replies":[{"embeddable":true,"href":"https:\/\/blogs.correiobraziliense.com.br\/vicente\/wp-json\/wp\/v2\/comments?post=9010"}],"version-history":[{"count":1,"href":"https:\/\/blogs.correiobraziliense.com.br\/vicente\/wp-json\/wp\/v2\/posts\/9010\/revisions"}],"predecessor-version":[{"id":9011,"href":"https:\/\/blogs.correiobraziliense.com.br\/vicente\/wp-json\/wp\/v2\/posts\/9010\/revisions\/9011"}],"wp:attachment":[{"href":"https:\/\/blogs.correiobraziliense.com.br\/vicente\/wp-json\/wp\/v2\/media?parent=9010"}],"wp:term":[{"taxonomy":"category","embeddable":true,"href":"https:\/\/blogs.correiobraziliense.com.br\/vicente\/wp-json\/wp\/v2\/categories?post=9010"},{"taxonomy":"post_tag","embeddable":true,"href":"https:\/\/blogs.correiobraziliense.com.br\/vicente\/wp-json\/wp\/v2\/tags?post=9010"}],"curies":[{"name":"wp","href":"https:\/\/api.w.org\/{rel}","templated":true}]}}