{"id":9005,"date":"2018-08-21T12:20:49","date_gmt":"2018-08-21T15:20:49","guid":{"rendered":"https:\/\/blogs.correiobraziliense.com.br\/vicente\/?p=9005"},"modified":"2018-08-21T13:37:08","modified_gmt":"2018-08-21T16:37:08","slug":"com-tensao-eleitoral-dolar-sobe-e-bate-r-4-bc-esta-em-alerta","status":"publish","type":"post","link":"https:\/\/blogs.correiobraziliense.com.br\/vicente\/com-tensao-eleitoral-dolar-sobe-e-bate-r-4-bc-esta-em-alerta\/","title":{"rendered":"Com tens\u00e3o eleitoral, d\u00f3lar sobe e atinge R$ 4"},"content":{"rendered":"<h2>HAMILTON FERRARI<\/h2>\n<h2><\/h2>\n<h2>O d\u00f3lar atingiu R$ 4 no in\u00edcio da tarde desta ter\u00e7a-feira (21\/8), com alta de mais de 1%. A cota\u00e7\u00e3o da moeda norte-americana aumenta pelo quinto dia consecutivo. O mercado financeiro n\u00e3o acordou de bom humor. Com as pesquisas eleitorais divulgadas nesta segunda-feira (20\/8) entre os candidatos \u00e0 Presid\u00eancia da Rep\u00fablica, os analistas n\u00e3o veem uma guinada de candidatos comprometidos com o ajuste fiscal.<\/h2>\n<p>&nbsp;<\/p>\n<p>Pelo contr\u00e1rio, a imin\u00eancia de que Fernando Haddad (PT) esteja no segundo turno \u00e9 a principal preocupa\u00e7\u00e3o dos investidores. Isso porque o potencial de crescimento do petista \u00e9 alto. Na pesquisa Ibope, ao avisar aos entrevistados que Haddad ser\u00e1 o \u201cPlano B\u201d do partido, e, consequentemente, do ex-presidente Luiz In\u00e1cio Lula da Silva, 13% afirmaram que \u201ccom certeza\u201d votariam nele, enquanto 14% alegaram que poderiam votar, aumentando as chances do petista no segundo turno. Por enquanto, ele caminha com 4% dos votos.<\/p>\n<p>&nbsp;<\/p>\n<p>\u201cOs juros seguiram essa tend\u00eancia e os futuros est\u00e3o com alta de 15 pontos. A nova esticada da curva longa sinaliza o aumento da percep\u00e7\u00e3o de risco, que saiu de 220 pontos no in\u00edcio do m\u00eas, para os atuais 247 pontos\u201d, disse Pedro Paulo Silveira, economista-chefe da Nova Futura Investimentos. \u201cEssa mudan\u00e7a nos pre\u00e7os reflete o cen\u00e1rio sem Geraldo Alckmin (PSDB) no segundo turno\u201d, completou.<\/p>\n<p>&nbsp;<\/p>\n<p>O tucano \u00e9 o preferido do mercado para o Pal\u00e1cio do Planalto. Ele corre com 7% das inten\u00e7\u00f5es de voto, em um cen\u00e1rio sem o ex-presidente Lula, segundo o Ibope. Com o d\u00f3lar encostando em R$ 4, os investidores ainda s\u00e3o c\u00e9ticos em ver Alckmin \u201cdeslanchar\u201d. \u00c0s 12h, o Ibovespa, principal \u00edndice da Bolsa de Valores de S\u00e3o Paulo (B3), caia 0,91%, cotado a 75.668 pontos.<\/p>\n<p>&nbsp;<\/p>\n<p>O economista e diretor executivo da NGO Corretora, Sidnei Moura Nehme, declarou que, em per\u00edodo pr\u00e9-eleitoral, os fatores externos t\u00eam import\u00e2ncia secund\u00e1ria no comportamento dos ativos e que a volatilidade ocorre por conta de d\u00favidas e incertezas no cen\u00e1rio interno.<\/p>\n<p>&nbsp;<\/p>\n<p>\u201cO trip\u00e9 economia-pol\u00edtica-justi\u00e7a provoca um imbr\u00f3glio de alta complexidade que vem acentuando, ainda que tardiamente o humor do mercado\u201d, alegou Nehme. \u201cO d\u00f3lar, indicador mais sens\u00edvel aos momentos adversos, repercute isso de forma mais intensa, revelando tend\u00eancia de valoriza\u00e7\u00e3o frente ao real num momento e que o seu \u00edndice internacional cede ante as principais moedas mundiais\u201d, acrescentou.<\/p>\n<p>&nbsp;<\/p>\n<p>A assessora financeira Daniela Casabona, da FB Wealth, declarou que o cen\u00e1rio ainda \u00e9 incerto. \u201cMesmo com as pesquisas anteriores e at\u00e9 a presente realizada n\u00e3o temos ao certo um candidato realmente forte. Esse cen\u00e1rio desfavorece a estabilidade do mercado, pois gera muita inseguran\u00e7a para a economia e no olhar dos mercados externos, que s\u00e3o grandes investidores do Brasil\u201d, afirmou.<\/p>\n<p>&nbsp;<\/p>\n<p><em>Bras\u00edlia, 12h03min<\/em><\/p>\n","protected":false},"excerpt":{"rendered":"<p>HAMILTON FERRARI O d\u00f3lar atingiu R$ 4 no in\u00edcio da tarde desta ter\u00e7a-feira (21\/8), com alta de mais de 1%. A cota\u00e7\u00e3o da moeda norte-americana aumenta pelo quinto dia consecutivo. O mercado financeiro n\u00e3o acordou de bom humor. Com as pesquisas eleitorais divulgadas nesta segunda-feira (20\/8) entre os candidatos \u00e0 Presid\u00eancia da Rep\u00fablica, os analistas [&hellip;]<\/p>\n","protected":false},"author":22,"featured_media":0,"comment_status":"open","ping_status":"closed","sticky":false,"template":"","format":"standard","meta":{"footnotes":""},"categories":[600],"tags":[343,665,3595,753],"class_list":["post-9005","post","type-post","status-publish","format-standard","hentry","category-economia","tag-dolar","tag-eleicoes","tag-ibope","tag-mercado"],"_links":{"self":[{"href":"https:\/\/blogs.correiobraziliense.com.br\/vicente\/wp-json\/wp\/v2\/posts\/9005","targetHints":{"allow":["GET"]}}],"collection":[{"href":"https:\/\/blogs.correiobraziliense.com.br\/vicente\/wp-json\/wp\/v2\/posts"}],"about":[{"href":"https:\/\/blogs.correiobraziliense.com.br\/vicente\/wp-json\/wp\/v2\/types\/post"}],"author":[{"embeddable":true,"href":"https:\/\/blogs.correiobraziliense.com.br\/vicente\/wp-json\/wp\/v2\/users\/22"}],"replies":[{"embeddable":true,"href":"https:\/\/blogs.correiobraziliense.com.br\/vicente\/wp-json\/wp\/v2\/comments?post=9005"}],"version-history":[{"count":3,"href":"https:\/\/blogs.correiobraziliense.com.br\/vicente\/wp-json\/wp\/v2\/posts\/9005\/revisions"}],"predecessor-version":[{"id":9009,"href":"https:\/\/blogs.correiobraziliense.com.br\/vicente\/wp-json\/wp\/v2\/posts\/9005\/revisions\/9009"}],"wp:attachment":[{"href":"https:\/\/blogs.correiobraziliense.com.br\/vicente\/wp-json\/wp\/v2\/media?parent=9005"}],"wp:term":[{"taxonomy":"category","embeddable":true,"href":"https:\/\/blogs.correiobraziliense.com.br\/vicente\/wp-json\/wp\/v2\/categories?post=9005"},{"taxonomy":"post_tag","embeddable":true,"href":"https:\/\/blogs.correiobraziliense.com.br\/vicente\/wp-json\/wp\/v2\/tags?post=9005"}],"curies":[{"name":"wp","href":"https:\/\/api.w.org\/{rel}","templated":true}]}}