{"id":8995,"date":"2018-08-21T11:08:50","date_gmt":"2018-08-21T14:08:50","guid":{"rendered":"https:\/\/blogs.correiobraziliense.com.br\/vicente\/?p=8995"},"modified":"2018-08-21T12:53:44","modified_gmt":"2018-08-21T15:53:44","slug":"dolar-esta-muito-proximo-de-atingir-os-r-4-por-causa-das-eleicoes","status":"publish","type":"post","link":"https:\/\/blogs.correiobraziliense.com.br\/vicente\/dolar-esta-muito-proximo-de-atingir-os-r-4-por-causa-das-eleicoes\/","title":{"rendered":"D\u00f3lar est\u00e1 muito pr\u00f3ximo de atingir os R$ 4 por causa das elei\u00e7\u00f5es"},"content":{"rendered":"<h2>A decep\u00e7\u00e3o dos investidores com o desempenho de Geraldo Alckmin (PSDB) nas mais recentes pesquisas de inten\u00e7\u00e3o de votos levou o d\u00f3lar e subir pelo segundo dia consecutivo, encostando nos R$ 4. \u00c0s 11h08, a moeda norte-americana estava cotada a R$ 3,99, acendendo o sinal de alerta do Banco Central. A Bolsa de Valores de S\u00e3o Paulo, por sua vez, ca\u00eda 0,26%, nos 76.127 pontos.<\/h2>\n<p>&nbsp;<\/p>\n<p>Na vis\u00e3o dos investidores, ser\u00e1 muito dif\u00edcil para Alckmin conseguir deslanchar. Nas \u00faltimas pesquisas, ele registra, na m\u00e9dia, 7% das inten\u00e7\u00f5es de votos. Para os donos do dinheiro, tudo indica que o segundo turno das elei\u00e7\u00f5es presidenciais ser\u00e1 entre Jair Bolsonaro (PSL), que lidera todos os levantamentos sem Lula, e Fernando Haddad (PT), que deve herdar boa parte dos votos hoje direcionados ao ex-presidente, que est\u00e1 preso em Curitiba, acusado de corrup\u00e7\u00e3o e lavagem de dinheiro.<\/p>\n<p>&nbsp;<\/p>\n<p>A expectativa dos investidores era de que, com o apoio do Centr\u00e3o, Alckmin se fortaleceria e subiria nas pesquisas logo depois do registro das chapas. Mas o tucano continua estagnado, perdendo, inclusive, em S\u00e3o Paulo para Bolsonaro. Alckmin comandou o estado por quatro vezes. A resist\u00eancia em rela\u00e7\u00e3o ao tucano no maior col\u00e9gio eleitoral do pa\u00eds \u00e9 vista pelos investidores como &#8220;extremamente preocupante&#8221;.<\/p>\n<p>&nbsp;<\/p>\n<p>N\u00e3o ser\u00e1 surpresa, no entender dos investidores, se os partidos que apoiam Alckmin come\u00e7arem a abandon\u00e1-lo. &#8220;N\u00e3o se pode esquecer que o Centr\u00e3o n\u00e3o \u00e9 fiel a ningu\u00e9m, mas apenas a seus interesses&#8221;, afirma um executivo do mercado financeiro. Segundo ele, o tucano j\u00e1 perdeu muito do apoio que tinha no mercado financeiro.<\/p>\n<p>&nbsp;<\/p>\n<p>Um grupo mais otimista acredita que Alckmin, com suas propostas de reformas como a da Previd\u00eancia Social, crescer\u00e1 nas pesquisas ap\u00f3s o in\u00edcio da campanha em r\u00e1dio e tev\u00ea, a partir de 31 de agosto.\u00a0O tucano ter\u00e1 quase a metade do tempo previsto pela lei, o que pode torn\u00e1-lo mais conhecido e palat\u00e1vel aos eleitores. Ser\u00e1 preciso muita paci\u00eancia para que esse momento chegue, se chegar.<\/p>\n<p>&nbsp;<\/p>\n<p><em>Bras\u00edlia, 11h08min<\/em><\/p>\n","protected":false},"excerpt":{"rendered":"<p>A decep\u00e7\u00e3o dos investidores com o desempenho de Geraldo Alckmin (PSDB) nas mais recentes pesquisas de inten\u00e7\u00e3o de votos levou o d\u00f3lar e subir pelo segundo dia consecutivo, encostando nos R$ 4. \u00c0s 11h08, a moeda norte-americana estava cotada a R$ 3,99, acendendo o sinal de alerta do Banco Central. A Bolsa de Valores de [&hellip;]<\/p>\n","protected":false},"author":22,"featured_media":0,"comment_status":"open","ping_status":"closed","sticky":false,"template":"","format":"standard","meta":{"footnotes":""},"categories":[600],"tags":[],"class_list":["post-8995","post","type-post","status-publish","format-standard","hentry","category-economia"],"_links":{"self":[{"href":"https:\/\/blogs.correiobraziliense.com.br\/vicente\/wp-json\/wp\/v2\/posts\/8995","targetHints":{"allow":["GET"]}}],"collection":[{"href":"https:\/\/blogs.correiobraziliense.com.br\/vicente\/wp-json\/wp\/v2\/posts"}],"about":[{"href":"https:\/\/blogs.correiobraziliense.com.br\/vicente\/wp-json\/wp\/v2\/types\/post"}],"author":[{"embeddable":true,"href":"https:\/\/blogs.correiobraziliense.com.br\/vicente\/wp-json\/wp\/v2\/users\/22"}],"replies":[{"embeddable":true,"href":"https:\/\/blogs.correiobraziliense.com.br\/vicente\/wp-json\/wp\/v2\/comments?post=8995"}],"version-history":[{"count":9,"href":"https:\/\/blogs.correiobraziliense.com.br\/vicente\/wp-json\/wp\/v2\/posts\/8995\/revisions"}],"predecessor-version":[{"id":9004,"href":"https:\/\/blogs.correiobraziliense.com.br\/vicente\/wp-json\/wp\/v2\/posts\/8995\/revisions\/9004"}],"wp:attachment":[{"href":"https:\/\/blogs.correiobraziliense.com.br\/vicente\/wp-json\/wp\/v2\/media?parent=8995"}],"wp:term":[{"taxonomy":"category","embeddable":true,"href":"https:\/\/blogs.correiobraziliense.com.br\/vicente\/wp-json\/wp\/v2\/categories?post=8995"},{"taxonomy":"post_tag","embeddable":true,"href":"https:\/\/blogs.correiobraziliense.com.br\/vicente\/wp-json\/wp\/v2\/tags?post=8995"}],"curies":[{"name":"wp","href":"https:\/\/api.w.org\/{rel}","templated":true}]}}