{"id":8983,"date":"2018-08-17T09:28:47","date_gmt":"2018-08-17T12:28:47","guid":{"rendered":"https:\/\/blogs.correiobraziliense.com.br\/vicente\/?p=8983"},"modified":"2018-08-17T09:56:01","modified_gmt":"2018-08-17T12:56:01","slug":"117-mil-empresas-do-df-devem-r-202-milhoes-secretaria-de-fazenda","status":"publish","type":"post","link":"https:\/\/blogs.correiobraziliense.com.br\/vicente\/117-mil-empresas-do-df-devem-r-202-milhoes-secretaria-de-fazenda\/","title":{"rendered":"11,7 mil empresas do DF devem R$ 202 milh\u00f5es \u00e0 Secretaria de Fazenda"},"content":{"rendered":"<h2>HAMILTON FERRARI<\/h2>\n<h2><\/h2>\n<h2>Cerca de 11,7 mil empresas do Distrito Federal t\u00eam at\u00e9 o dia 31 de agosto (sexta-feira) para pagar d\u00edvidas tribut\u00e1rias com o ICMS e ISS \u00e0 Secretaria de Fazenda. Ao todo, s\u00e3o R$ 202 milh\u00f5es pendentes com o governo local.<\/h2>\n<p>&nbsp;<\/p>\n<p>As companhias j\u00e1 est\u00e3o cientes dos d\u00e9bitos e j\u00e1 inclu\u00edram a quantia nas respectivas declara\u00e7\u00f5es dos impostos. Elas t\u00eam condi\u00e7\u00e3o de parcelar as pend\u00eancias \u2014 baseando-se na taxa de juros Selic \u2014 em at\u00e9 60 vezes. O d\u00e9bito mais alto \u00e9 de uma empresa do ramo de combust\u00edveis, que precisa pagar R$ 32 milh\u00f5es.<\/p>\n<p>&nbsp;<\/p>\n<p>A notifica\u00e7\u00e3o pr\u00e9via foi encaminhada dia 2 de agosto via boleto eletr\u00f4nico. A Secretaria de Fazenda realiza o levantamento de d\u00edvida de quatro em quatro meses. O \u00faltimo \u00e9 referente ao per\u00edodo de outubro de 2017 a abril de 2018.<\/p>\n<p>&nbsp;<\/p>\n<p>Se n\u00e3o pagarem, as empresas entrar\u00e3o na d\u00edvida ativa e n\u00e3o conseguir\u00e3o emitir certid\u00e3o negativa, participar de licita\u00e7\u00f5es, ter benef\u00edcio fiscal da Secretaria e podem ser desenquadradas do Simples Nacional, caso sejam benefici\u00e1rias do programa. Al\u00e9m disso, o volume do d\u00e9bito tem um acr\u00e9scimo de 10%.<\/p>\n<p>&nbsp;<\/p>\n<p>Jos\u00e9 Ribeiro da Silva Neto, coordenador de cobran\u00e7a tribut\u00e1ria da Secretaria, explica que o pagamento atrasado pode estar associado \u00e0 dificuldade financeira ou ao comportamento de deixar para pagar no \u00faltimo momento, ap\u00f3s ser notificada. \u201cTamb\u00e9m est\u00e1 sendo acompanhado aquele devedor contumaz, que estabelece um neg\u00f3cio para n\u00e3o fazer o pagamento da tributa\u00e7\u00e3o. Eles est\u00e3o sendo monitorados para a ado\u00e7\u00e3o de medidas mais dr\u00e1sticas\u201d, alega.<\/p>\n<p>&nbsp;<\/p>\n<p><em>Bras\u00edlia, 09h23min<\/em><\/p>\n","protected":false},"excerpt":{"rendered":"<p>HAMILTON FERRARI Cerca de 11,7 mil empresas do Distrito Federal t\u00eam at\u00e9 o dia 31 de agosto (sexta-feira) para pagar d\u00edvidas tribut\u00e1rias com o ICMS e ISS \u00e0 Secretaria de Fazenda. Ao todo, s\u00e3o R$ 202 milh\u00f5es pendentes com o governo local. &nbsp; As companhias j\u00e1 est\u00e3o cientes dos d\u00e9bitos e j\u00e1 inclu\u00edram a quantia [&hellip;]<\/p>\n","protected":false},"author":22,"featured_media":0,"comment_status":"open","ping_status":"closed","sticky":false,"template":"","format":"standard","meta":{"footnotes":""},"categories":[600],"tags":[1532,303,1109,2597,3590],"class_list":["post-8983","post","type-post","status-publish","format-standard","hentry","category-economia","tag-df","tag-divida","tag-empresas","tag-icms","tag-iss"],"_links":{"self":[{"href":"https:\/\/blogs.correiobraziliense.com.br\/vicente\/wp-json\/wp\/v2\/posts\/8983","targetHints":{"allow":["GET"]}}],"collection":[{"href":"https:\/\/blogs.correiobraziliense.com.br\/vicente\/wp-json\/wp\/v2\/posts"}],"about":[{"href":"https:\/\/blogs.correiobraziliense.com.br\/vicente\/wp-json\/wp\/v2\/types\/post"}],"author":[{"embeddable":true,"href":"https:\/\/blogs.correiobraziliense.com.br\/vicente\/wp-json\/wp\/v2\/users\/22"}],"replies":[{"embeddable":true,"href":"https:\/\/blogs.correiobraziliense.com.br\/vicente\/wp-json\/wp\/v2\/comments?post=8983"}],"version-history":[{"count":2,"href":"https:\/\/blogs.correiobraziliense.com.br\/vicente\/wp-json\/wp\/v2\/posts\/8983\/revisions"}],"predecessor-version":[{"id":8986,"href":"https:\/\/blogs.correiobraziliense.com.br\/vicente\/wp-json\/wp\/v2\/posts\/8983\/revisions\/8986"}],"wp:attachment":[{"href":"https:\/\/blogs.correiobraziliense.com.br\/vicente\/wp-json\/wp\/v2\/media?parent=8983"}],"wp:term":[{"taxonomy":"category","embeddable":true,"href":"https:\/\/blogs.correiobraziliense.com.br\/vicente\/wp-json\/wp\/v2\/categories?post=8983"},{"taxonomy":"post_tag","embeddable":true,"href":"https:\/\/blogs.correiobraziliense.com.br\/vicente\/wp-json\/wp\/v2\/tags?post=8983"}],"curies":[{"name":"wp","href":"https:\/\/api.w.org\/{rel}","templated":true}]}}