{"id":8980,"date":"2018-08-16T15:00:53","date_gmt":"2018-08-16T18:00:53","guid":{"rendered":"https:\/\/blogs.correiobraziliense.com.br\/vicente\/?p=8980"},"modified":"2018-08-16T15:03:12","modified_gmt":"2018-08-16T18:03:12","slug":"correio-economico-eleicoes-na-rua","status":"publish","type":"post","link":"https:\/\/blogs.correiobraziliense.com.br\/vicente\/correio-economico-eleicoes-na-rua\/","title":{"rendered":"Correio Econ\u00f4mico: Elei\u00e7\u00f5es na rua"},"content":{"rendered":"<div>POR ANTONIO TEM\u00d3TEO<\/div>\n<div><\/div>\n<div><\/div>\n<div id=\"m_4181973503400879472abanoticia\">O fim do prazo para os registros das candidaturas, que terminou ontem, deu in\u00edcio, de fato, ao processo eleitoral. Quem continua indeciso deve come\u00e7ar o dever de casa e analisar as propostas e os curr\u00edculos de todos os postulantes. As elei\u00e7\u00f5es de 2018 s\u00e3o as mais importantes da hist\u00f3ria. Estados e Uni\u00e3o est\u00e3o com as contas p\u00fablicas em frangalhos. Perderam a capacidade de investimento e t\u00eam dificuldade para manter os sal\u00e1rios de servidores ativos e aposentados em dia.<\/div>\n<div>\n<p>Al\u00e9m de escolher o pr\u00f3ximo presidente da Rep\u00fablica e os governadores, o povo precisa estar consciente de que os projetos pol\u00edticos desses candidatos dependem significativamente dos parlamentares que ser\u00e3o escolhidos. Aos deputados estaduais \u2014 e distritais, no caso do Distrito Federal \u2014 caber\u00e1 analisar os projetos de lei para tentar melhorar a vida da popula\u00e7\u00e3o. E caber\u00e1 a deputados e senadores aprovar projetos essenciais ao reequil\u00edbrio das finan\u00e7as p\u00fablicas, para tornar o Brasil mais competitivo e fazer a economia voltar a gerar empregos.<\/p>\n<\/div>\n<div>\n<p>As escolha dos parlamentares ser\u00e1 mais importante do que a do presidente da Rep\u00fablica. A palavra final ser\u00e1 deles na hora de analisar as propostas do Executivo para recuperar a economia brasileira. E cabe a eles fiscalizar o que faz o governo. Deputados e senadores s\u00e3o representantes do povo no Congresso, mas se esqueceram disso h\u00e1 muitos anos. Os desafios do pr\u00f3ximo presidente e dos congressistas s\u00e3o enormes.<\/p>\n<\/div>\n<div>\n<p>Temos de lembr\u00e1-los que 13 milh\u00f5es de brasileiros est\u00e3o desempregados. Na melhor das expectativas, o Brasil gastar\u00e1 menos do que arrecada somente em 2022, conforme estimativas do Instituto Fiscal Independente, do Senado Federal. At\u00e9 l\u00e1, a d\u00edvida bruta em propor\u00e7\u00e3o do Produto Interno Bruto (PIB) pode ultrapassar 84%. Chegou o momento de esquecer quem s\u00e3o os culpados por todos esses problemas e decidir quem tem melhores condi\u00e7\u00f5es de recuperar o Brasil.<\/p>\n<\/div>\n<div>\n<p>A \u00fanica certeza \u00e9 de que n\u00e3o h\u00e1 espa\u00e7o para populismo, protecionismo, bolsa empres\u00e1rio, bolsa caminhoneiro ou benesses para as categorias que desfrutam de poder. Todos devem dar sua cota de sacrif\u00edcio para que o Brasil volte a ser uma na\u00e7\u00e3o menos desigual. A reforma mais urgente \u00e9 a da Previd\u00eancia. O Brasil gasta 14% do PIB com o pagamento de benef\u00edcios para segurados e para a assist\u00eancia social e tem 9% da popula\u00e7\u00e3o com 65 anos ou mais.<\/p>\n<\/div>\n<div>\n<p>Pa\u00edses com essa propor\u00e7\u00e3o de idosos gastam, em m\u00e9dia, 4,5% do PIB com Previd\u00eancia e assist\u00eancia social. N\u00e3o sou favor\u00e1vel ao fim do nosso modelo, mas ao fim dos privil\u00e9gios. Al\u00e9m disso, o debate sobre idade m\u00ednima \u00e9 essencial para balizar esse processo. Um brasileiro com 55 anos n\u00e3o deve se aposentar e receber um benef\u00edcio at\u00e9 os 80. O aumento da longevidade trouxe um enorme desafio e isso afeta significativamente as contas p\u00fablicas.<\/p>\n<\/div>\n<div><\/div>\n<div>Mas, al\u00e9m da reforma da Previd\u00eancia, que \u00e9 essencial para que o pa\u00eds volte a receber investimentos e gerar empregos, \u00e9 necess\u00e1rio escolher um candidato comprometido com medidas microecon\u00f4micas para elevar o n\u00edvel de competitividade da economia. A primeira delas \u00e9 a tribut\u00e1ria. Simplificar o regime tribut\u00e1rio brasileiro \u00e9 essencial para que as empresas possam se dedicar a suas atividades. S\u00e3o gastos milhares de horas para pagar esses tributos.<\/div>\n<div>\n<p><strong>Temas pol\u00eamicos<\/strong><\/p>\n<\/div>\n<div><\/div>\n<div>\u00c9 preciso mais efici\u00eancia na aplica\u00e7\u00e3o de todos esses recursos. Al\u00e9m de tapar os ralos da corrup\u00e7\u00e3o com concreto, o governo precisa monitorar, fiscalizar e acompanhar com lupa os gastos p\u00fablicos. Nesse processo, \u00e9 essencial que a popula\u00e7\u00e3o perceba que os tributos pagos s\u00e3o reinvestidos em melhorias para o povo. E, por fim, o pr\u00f3ximo governante precisa fazer robustos investimentos em educa\u00e7\u00e3o. Crian\u00e7as, jovens e adolescentes com maior grau de instru\u00e7\u00e3o t\u00eam potencial para reduzir gastos com sa\u00fade e seguran\u00e7a. A educa\u00e7\u00e3o pode salvar milh\u00f5es de vidas e garantir melhores sal\u00e1rios.<\/div>\n<div>\n<p>Outro fator determinante nesse processo \u00e9 a abertura comercial. Fazer neg\u00f3cios com diversos pa\u00edses agrega riquezas sem medidas para a economia. O pr\u00f3ximo presidente n\u00e3o ter\u00e1 poucos desafios. Caber\u00e1 \u00e0 popula\u00e7\u00e3o ter sabedoria. As pesquisas eleitorais mostraram que o desinteresse do povo no processo eleitoral \u00e9 enorme. Mas essas pessoas precisam entender que \u00e9 essencial eleger pol\u00edticos interessados em trabalhar pela popula\u00e7\u00e3o.<\/p>\n<\/div>\n<div>\n<p>Chega de escolhermos candidatos que trabalhar\u00e3o apenas em interesse pr\u00f3prio e de algumas corpora\u00e7\u00f5es, sejam p\u00fablicas, sejam privadas. \u00c9 preciso enfrentar temas pol\u00eamicos e acabar com privil\u00e9gios. O Congresso precisa deliberar sobre o aborto, sobre o pagamento de aux\u00edlio-moradia para magistrados, sobre legaliza\u00e7\u00e3o ou n\u00e3o das drogas e outros temas. Essas quest\u00f5es precisam ser enfrentadas e cabe aos legisladores darem a palavra final.<\/p>\n<\/div>\n<div>\n<p>Cabe ao Legislativo aprovar as leis e mudan\u00e7as constitucionais que garantir\u00e3o \u00e0s gera\u00e7\u00f5es futuras a chance de viver em um pa\u00eds melhor. Al\u00e9m disso, os parlamentares s\u00e3o respons\u00e1veis por fiscalizar os trabalhos do Executivo e defender os interesses do povo. Os que est\u00e3o atualmente no Congresso est\u00e3o mais preocupados em aumentar os sal\u00e1rios e garantir a volta das indica\u00e7\u00f5es pol\u00edticas para as estatais.<\/p>\n<\/div>\n<div>\n<p>Parte desses problemas \u00e9 fruto da falta de responsabilidade dos eleitores, que depositaram os votos nos candidatos e se esqueceram de cobrar o melhor para o pa\u00eds. Mesmo que as circunst\u00e2ncias apontem para um baixo \u00edndice de renova\u00e7\u00e3o do Congresso, aqueles que fizerem o dever de casa, de votar em prol da na\u00e7\u00e3o e n\u00e3o de olho em interesses particulares, contribuir\u00e3o para que o Brasil se torne um pa\u00eds menos desigual, mais seguro e que ofere\u00e7a \u00e0 popula\u00e7\u00e3o as m\u00ednimas condi\u00e7\u00f5es para trabalhar e viver. Sem reformas e ajustes n\u00e3o haver\u00e1 empregos, programas sociais, sal\u00e1rios para servidores e aposentadorias.<\/p>\n<\/div>\n<div>\n<p>O espa\u00e7o para o populismo ficou no passado. O que precisa ser feito j\u00e1 \u00e9 de conhecimento de todos. Resta saber se o povo escolher\u00e1 colocar o pa\u00eds nos trilhos para o crescimento ou para o atraso. Isso ficar\u00e1 claro em outubro.<\/p>\n<\/div>\n<p>&nbsp;<\/p>\n","protected":false},"excerpt":{"rendered":"<p>POR ANTONIO TEM\u00d3TEO O fim do prazo para os registros das candidaturas, que terminou ontem, deu in\u00edcio, de fato, ao processo eleitoral. Quem continua indeciso deve come\u00e7ar o dever de casa e analisar as propostas e os curr\u00edculos de todos os postulantes. As elei\u00e7\u00f5es de 2018 s\u00e3o as mais importantes da hist\u00f3ria. Estados e Uni\u00e3o [&hellip;]<\/p>\n","protected":false},"author":22,"featured_media":0,"comment_status":"open","ping_status":"closed","sticky":false,"template":"","format":"standard","meta":{"footnotes":""},"categories":[600],"tags":[3567,3589,589,665,2522,45,3588,136,933,1350,666,984],"class_list":["post-8980","post","type-post","status-publish","format-standard","hentry","category-economia","tag-ajustes","tag-deputado-federal","tag-economia","tag-eleicoes","tag-parlamentares","tag-populismo","tag-processo-eleitoral","tag-recuperacao","tag-reforma-da-previdencia","tag-reforma-tributaria","tag-reformas","tag-senador"],"_links":{"self":[{"href":"https:\/\/blogs.correiobraziliense.com.br\/vicente\/wp-json\/wp\/v2\/posts\/8980","targetHints":{"allow":["GET"]}}],"collection":[{"href":"https:\/\/blogs.correiobraziliense.com.br\/vicente\/wp-json\/wp\/v2\/posts"}],"about":[{"href":"https:\/\/blogs.correiobraziliense.com.br\/vicente\/wp-json\/wp\/v2\/types\/post"}],"author":[{"embeddable":true,"href":"https:\/\/blogs.correiobraziliense.com.br\/vicente\/wp-json\/wp\/v2\/users\/22"}],"replies":[{"embeddable":true,"href":"https:\/\/blogs.correiobraziliense.com.br\/vicente\/wp-json\/wp\/v2\/comments?post=8980"}],"version-history":[{"count":2,"href":"https:\/\/blogs.correiobraziliense.com.br\/vicente\/wp-json\/wp\/v2\/posts\/8980\/revisions"}],"predecessor-version":[{"id":8982,"href":"https:\/\/blogs.correiobraziliense.com.br\/vicente\/wp-json\/wp\/v2\/posts\/8980\/revisions\/8982"}],"wp:attachment":[{"href":"https:\/\/blogs.correiobraziliense.com.br\/vicente\/wp-json\/wp\/v2\/media?parent=8980"}],"wp:term":[{"taxonomy":"category","embeddable":true,"href":"https:\/\/blogs.correiobraziliense.com.br\/vicente\/wp-json\/wp\/v2\/categories?post=8980"},{"taxonomy":"post_tag","embeddable":true,"href":"https:\/\/blogs.correiobraziliense.com.br\/vicente\/wp-json\/wp\/v2\/tags?post=8980"}],"curies":[{"name":"wp","href":"https:\/\/api.w.org\/{rel}","templated":true}]}}