{"id":8972,"date":"2018-08-14T13:16:44","date_gmt":"2018-08-14T16:16:44","guid":{"rendered":"https:\/\/blogs.correiobraziliense.com.br\/vicente\/?p=8972"},"modified":"2018-08-14T14:34:01","modified_gmt":"2018-08-14T17:34:01","slug":"fgts-tem-lucro-de-r-1246-bi-e-metade-sera-distribuido-aos-trabalhadores","status":"publish","type":"post","link":"https:\/\/blogs.correiobraziliense.com.br\/vicente\/fgts-tem-lucro-de-r-1246-bi-e-metade-sera-distribuido-aos-trabalhadores\/","title":{"rendered":"FGTS tem lucro de R$ 12,4 bi e cotistas receber\u00e3o meta do valor"},"content":{"rendered":"<p>POR ANTONIO TEM\u00d3TEO<\/p>\n<p>&nbsp;<\/p>\n<p>O Fundo de Garantia do Tempo de Servi\u00e7o (FGTS) registrou um lucro de R$ 12,46 bilh\u00f5es no ano passado, conforme dados divulgados pelo Minist\u00e9rio do Trabalho. Desse total, R$ 6,23 bilh\u00f5es ser\u00e3o distribu\u00eddos para os trabalhadores, conforme a lei n\u00ba 13.446, de maio de 2017.<span class=\"Apple-converted-space\">\u00a0Os dep\u00f3sitos come\u00e7aram hoje e terminar\u00e3o em 31 de agosto. Somente nesta data os cotistas saber\u00e3o o valor recebido.\u00a0<\/span><\/p>\n<p>&nbsp;<\/p>\n<p>Com isso, 90,7 milh\u00f5es de trabalhadores devem receber dep\u00f3sitos em 258 milh\u00f5es de contas. A distribui\u00e7\u00e3o de resultados elevar\u00e1 o rendimento das contas a 5,59%. Desse total, 3,81% correspondem a a remunera\u00e7\u00e3o de Taxa Referencial mais 3%. Al\u00e9m disso, outros 1,72% ser\u00e3o adicionados com a distribui\u00e7\u00e3o de lucros.<span class=\"Apple-converted-space\">\u00a0<\/span><\/p>\n<p>&nbsp;<\/p>\n<p>Ate 31 de dezembro de 2017, os trabalhadores tinham R$ 361,8 bilh\u00f5es nas contas. Em m\u00e9dia, cada conta receber\u00e1 R$ 38. Os lucros ser\u00e3o depositados apenas para cotistas que tinham saldo na at\u00e9 31 de dezembro. Quem sacou recursos em 2018, poder\u00e1 realizar o saque do dinheiro depositado.<span class=\"Apple-converted-space\">\u00a0<\/span><\/p>\n<p>&nbsp;<\/p>\n<p>Al\u00e9m disso, os trabalhadores poder\u00e3o sacar recursos do FGTS para comprar \u00f3rteses e pr\u00f3teses. O saque ser\u00e1 poss\u00edvel a cada dois anos. Entretanto, o trabalhador deficiente ter\u00e1 que comprovar uma defici\u00eancia de dois anos. Ser\u00e1 necess\u00e1rio a apresenta\u00e7\u00e3o de atestado m\u00e9dico que mencione a necessidade da \u00f3rtese ou pr\u00f3tese.<\/p>\n","protected":false},"excerpt":{"rendered":"<p>POR ANTONIO TEM\u00d3TEO &nbsp; O Fundo de Garantia do Tempo de Servi\u00e7o (FGTS) registrou um lucro de R$ 12,46 bilh\u00f5es no ano passado, conforme dados divulgados pelo Minist\u00e9rio do Trabalho. Desse total, R$ 6,23 bilh\u00f5es ser\u00e3o distribu\u00eddos para os trabalhadores, conforme a lei n\u00ba 13.446, de maio de 2017.\u00a0Os dep\u00f3sitos come\u00e7aram hoje e terminar\u00e3o em [&hellip;]<\/p>\n","protected":false},"author":22,"featured_media":0,"comment_status":"open","ping_status":"closed","sticky":false,"template":"","format":"standard","meta":{"footnotes":""},"categories":[600],"tags":[507,2441,1094,3587],"class_list":["post-8972","post","type-post","status-publish","format-standard","hentry","category-economia","tag-fgts","tag-lucro","tag-ministerio-do-trabalho","tag-ortese-e-protese"],"_links":{"self":[{"href":"https:\/\/blogs.correiobraziliense.com.br\/vicente\/wp-json\/wp\/v2\/posts\/8972","targetHints":{"allow":["GET"]}}],"collection":[{"href":"https:\/\/blogs.correiobraziliense.com.br\/vicente\/wp-json\/wp\/v2\/posts"}],"about":[{"href":"https:\/\/blogs.correiobraziliense.com.br\/vicente\/wp-json\/wp\/v2\/types\/post"}],"author":[{"embeddable":true,"href":"https:\/\/blogs.correiobraziliense.com.br\/vicente\/wp-json\/wp\/v2\/users\/22"}],"replies":[{"embeddable":true,"href":"https:\/\/blogs.correiobraziliense.com.br\/vicente\/wp-json\/wp\/v2\/comments?post=8972"}],"version-history":[{"count":6,"href":"https:\/\/blogs.correiobraziliense.com.br\/vicente\/wp-json\/wp\/v2\/posts\/8972\/revisions"}],"predecessor-version":[{"id":8978,"href":"https:\/\/blogs.correiobraziliense.com.br\/vicente\/wp-json\/wp\/v2\/posts\/8972\/revisions\/8978"}],"wp:attachment":[{"href":"https:\/\/blogs.correiobraziliense.com.br\/vicente\/wp-json\/wp\/v2\/media?parent=8972"}],"wp:term":[{"taxonomy":"category","embeddable":true,"href":"https:\/\/blogs.correiobraziliense.com.br\/vicente\/wp-json\/wp\/v2\/categories?post=8972"},{"taxonomy":"post_tag","embeddable":true,"href":"https:\/\/blogs.correiobraziliense.com.br\/vicente\/wp-json\/wp\/v2\/tags?post=8972"}],"curies":[{"name":"wp","href":"https:\/\/api.w.org\/{rel}","templated":true}]}}