{"id":8968,"date":"2018-08-14T11:47:49","date_gmt":"2018-08-14T14:47:49","guid":{"rendered":"https:\/\/blogs.correiobraziliense.com.br\/vicente\/?p=8968"},"modified":"2018-08-14T11:48:48","modified_gmt":"2018-08-14T14:48:48","slug":"fim-da-pesca-de-arrasto-pode-elevar-arrecadacao-de-icms-no-rs","status":"publish","type":"post","link":"https:\/\/blogs.correiobraziliense.com.br\/vicente\/fim-da-pesca-de-arrasto-pode-elevar-arrecadacao-de-icms-no-rs\/","title":{"rendered":"Fim da pesca de arrasto pode elevar arrecada\u00e7\u00e3o de ICMS no RS"},"content":{"rendered":"<p>POR ANTONIO TEM\u00d3TEO<\/p>\n<p>&nbsp;<\/p>\n<p>Hoje \u00e0 tarde a Assembleia Legislativa do Rio Grande do Sul votar\u00e1<span class=\"Apple-converted-space\">\u00a0 <\/span>o projeto de lei n\u00ba 136 de 2018, que estende a proibi\u00e7\u00e3o da pesca de arrasto para at\u00e9 12 milhas n\u00e1uticas na costa do estado. A proposta cria uma \u00e1rea de prote\u00e7\u00e3o da vida marinha de 15 mil quil\u00f4metros quadrados, equivalente a quase 20% do territ\u00f3rio ga\u00facho.<\/p>\n<p>&nbsp;<\/p>\n<p><span class=\"Apple-converted-space\">\u00a0<\/span>O debate em torno do tema foi baseado em estudos cient\u00edficos encomendados pela Ong Oceana e mostram como a pesca de arrasto \u00e9 prejudicial n\u00e3o apenas ao meio ambiente, mas \u00e0 ind\u00fastria pesqueira, aos pescadores e \u00e0 economia do estado.Entre esses estudos, um da Universidade Federal do Rio Grande (Furg) que aponta com precis\u00e3o como a economia do estado ganha sem a pesca de arrasto. As ind\u00fastrias pesqueiras do estado podem ter um aumento de 441% nas suas receitas.<\/p>\n<p>&nbsp;<\/p>\n<p>Sem o arrasto a proje\u00e7\u00e3o de arrecada\u00e7\u00e3o do Imposto sobre Circula\u00e7\u00e3o de Mercadorias e Servi\u00e7os (ICMS) na cidade alcan\u00e7aria o valor de R$ 14,3 milh\u00f5es em 2017 \u2013 quando em 2016 foram arrecadados R$ 660 mil. Ou seja, haveria um ganho de R$ 13,6 milh\u00f5es em um ano. Agora em 2018, a proje\u00e7\u00e3o de arrecada\u00e7\u00e3o vai a R$ 38,5 milh\u00f5es sem o arrasto.<\/p>\n<p>&nbsp;<\/p>\n<p>Em um estado com as contas p\u00fablicas combalidas, qualquer proposta que ajude a pagar em dia servidores e manter os servi\u00e7os b\u00e1sicos \u00e0 popula\u00e7\u00e3o funcionando \u00e9 bem vindo. Resta saber se o projeto receber\u00e1 o aval dos deputados estaduais.<\/p>\n","protected":false},"excerpt":{"rendered":"<p>POR ANTONIO TEM\u00d3TEO &nbsp; Hoje \u00e0 tarde a Assembleia Legislativa do Rio Grande do Sul votar\u00e1\u00a0 o projeto de lei n\u00ba 136 de 2018, que estende a proibi\u00e7\u00e3o da pesca de arrasto para at\u00e9 12 milhas n\u00e1uticas na costa do estado. A proposta cria uma \u00e1rea de prote\u00e7\u00e3o da vida marinha de 15 mil quil\u00f4metros [&hellip;]<\/p>\n","protected":false},"author":22,"featured_media":0,"comment_status":"open","ping_status":"closed","sticky":false,"template":"","format":"standard","meta":{"footnotes":""},"categories":[600],"tags":[297,2597,3586,1102],"class_list":["post-8968","post","type-post","status-publish","format-standard","hentry","category-economia","tag-arrecadacao","tag-icms","tag-pesca-de-arrasto","tag-rio-grande-do-sul"],"_links":{"self":[{"href":"https:\/\/blogs.correiobraziliense.com.br\/vicente\/wp-json\/wp\/v2\/posts\/8968","targetHints":{"allow":["GET"]}}],"collection":[{"href":"https:\/\/blogs.correiobraziliense.com.br\/vicente\/wp-json\/wp\/v2\/posts"}],"about":[{"href":"https:\/\/blogs.correiobraziliense.com.br\/vicente\/wp-json\/wp\/v2\/types\/post"}],"author":[{"embeddable":true,"href":"https:\/\/blogs.correiobraziliense.com.br\/vicente\/wp-json\/wp\/v2\/users\/22"}],"replies":[{"embeddable":true,"href":"https:\/\/blogs.correiobraziliense.com.br\/vicente\/wp-json\/wp\/v2\/comments?post=8968"}],"version-history":[{"count":1,"href":"https:\/\/blogs.correiobraziliense.com.br\/vicente\/wp-json\/wp\/v2\/posts\/8968\/revisions"}],"predecessor-version":[{"id":8969,"href":"https:\/\/blogs.correiobraziliense.com.br\/vicente\/wp-json\/wp\/v2\/posts\/8968\/revisions\/8969"}],"wp:attachment":[{"href":"https:\/\/blogs.correiobraziliense.com.br\/vicente\/wp-json\/wp\/v2\/media?parent=8968"}],"wp:term":[{"taxonomy":"category","embeddable":true,"href":"https:\/\/blogs.correiobraziliense.com.br\/vicente\/wp-json\/wp\/v2\/categories?post=8968"},{"taxonomy":"post_tag","embeddable":true,"href":"https:\/\/blogs.correiobraziliense.com.br\/vicente\/wp-json\/wp\/v2\/tags?post=8968"}],"curies":[{"name":"wp","href":"https:\/\/api.w.org\/{rel}","templated":true}]}}