{"id":8951,"date":"2018-08-10T11:52:51","date_gmt":"2018-08-10T14:52:51","guid":{"rendered":"https:\/\/blogs.correiobraziliense.com.br\/vicente\/?p=8951"},"modified":"2018-08-10T12:57:23","modified_gmt":"2018-08-10T15:57:23","slug":"turquia-e-decepcao-com-alckmin-arrasam-o-mercado","status":"publish","type":"post","link":"https:\/\/blogs.correiobraziliense.com.br\/vicente\/turquia-e-decepcao-com-alckmin-arrasam-o-mercado\/","title":{"rendered":"Turquia e decep\u00e7\u00e3o com Alckmin arrasam o mercado"},"content":{"rendered":"<h2>Quem esperava por uma sexta-feira (10\/05) tranquila errou feio. Desde a abertura dos mercados, a tens\u00e3o se instalou nas mesas de opera\u00e7\u00e3o de bancos e corretoras. Dois motivos, particularmente, est\u00e3o mexendo com o humor dos investidores: o fraco desempenho do tucano Geraldo Alckmin no debate dos presidenci\u00e1veis de quinta-feira (09\/08) \u00e0 noite na Band e o derretimento da lira turca, que chegou a cair 20% diante das incertezas em rela\u00e7\u00e3o a medidas econ\u00f4micas a serem anunciadas pelo governo e das novas san\u00e7\u00f5es impostas ao pa\u00eds pelos Estados Unidos.<\/h2>\n<p>&nbsp;<\/p>\n<p>A Bolsa de Valores de S\u00e3o Paulo abriu o dia em forte baixa e, por volta da 11h20, o Ibovespa, principal \u00edndice de lucratividade das a\u00e7\u00f5es mais negociadas, apontava baixa superior a 2%. O d\u00f3lar, por sua vez, deu uma arrancada expressiva, chegando a atingir R$ 3,87, com valoriza\u00e7\u00e3o de mais de 1,5%. &#8220;Est\u00e1 uma sexta-feira de terror&#8221;, diz um operador ao <strong>Blog<\/strong>. &#8220;Todo mundo est\u00e1 muito assustado&#8221;, acrescenta. Outro fator que pesou no mercado foi a decis\u00e3o do presidente dos Estados Unidos, Donald Trump, de elevar de 20% para 50% a tarifa sobre importa\u00e7\u00e3o de a\u00e7o e alum\u00ednio.<\/p>\n<p>&nbsp;<\/p>\n<p>No front dom\u00e9stico, os investidores est\u00e3o desconfiados da capacidade de Alckmin de decolar as pesquisas. Por maior que seja a torcida, e por mais que o mercado esteja &#8220;comprado&#8221; no tucano, parte significativa dos operadores n\u00e3o descarta a possibilidade de o segundo turno das elei\u00e7\u00f5es ser disputado por Jair Bolsonaro (PSL) e por Fernando Haddad (PT).<\/p>\n<p>&nbsp;<\/p>\n<p>Nesta sexta, saiu mais uma pesquisa de inten\u00e7\u00e3o de votos da XP Investimentos\/ Ipespe e Bolsonaro continua na lideran\u00e7a com at\u00e9 23% de votos no cen\u00e1rio sem Lula. Em um dos levantamentos, o indicado por Lula aparece com 13% das inten\u00e7\u00f5es de votos, \u00e0 frente de Marina Silva (10%) e de Alckmin (9%). Isso mostra que, mesmo com todas as alian\u00e7as fechadas pelo candidato do PSDB, que v\u00e3o lhe garantir quase a metade do tempo de tev\u00ea, ele n\u00e3o consegue decolar.<\/p>\n<p>&nbsp;<\/p>\n<p>Para o mercado, Alckmin \u00e9 o candidato mais bem preparado para assumir o comando do pa\u00eds a partir de 2019, por estar comprometido com as reformas necess\u00e1rias para ajustar as contas p\u00fablicas, que est\u00e3o em frangalhos. O problema \u00e9 que ele n\u00e3o consegue encantar os eleitores. Faltando menos de dois meses para as elei\u00e7\u00f5es, ter\u00e1 que fazer um esfor\u00e7o monumental para retirar votos de Bolsornaro e impedir que o candidato petista consiga deslanchar.<\/p>\n<p>&nbsp;<\/p>\n<p><em>Bras\u00edlia, 11h18min<\/em><\/p>\n<p>&nbsp;<\/p>\n","protected":false},"excerpt":{"rendered":"<p>Quem esperava por uma sexta-feira (10\/05) tranquila errou feio. Desde a abertura dos mercados, a tens\u00e3o se instalou nas mesas de opera\u00e7\u00e3o de bancos e corretoras. Dois motivos, particularmente, est\u00e3o mexendo com o humor dos investidores: o fraco desempenho do tucano Geraldo Alckmin no debate dos presidenci\u00e1veis de quinta-feira (09\/08) \u00e0 noite na Band e [&hellip;]<\/p>\n","protected":false},"author":22,"featured_media":0,"comment_status":"open","ping_status":"closed","sticky":false,"template":"","format":"standard","meta":{"footnotes":""},"categories":[600],"tags":[3014,2393,343,665,3582,2254,3581],"class_list":["post-8951","post","type-post","status-publish","format-standard","hentry","category-economia","tag-alckmin","tag-bolsa","tag-dolar","tag-eleicoes","tag-lira-turca","tag-mercados","tag-turquia"],"_links":{"self":[{"href":"https:\/\/blogs.correiobraziliense.com.br\/vicente\/wp-json\/wp\/v2\/posts\/8951","targetHints":{"allow":["GET"]}}],"collection":[{"href":"https:\/\/blogs.correiobraziliense.com.br\/vicente\/wp-json\/wp\/v2\/posts"}],"about":[{"href":"https:\/\/blogs.correiobraziliense.com.br\/vicente\/wp-json\/wp\/v2\/types\/post"}],"author":[{"embeddable":true,"href":"https:\/\/blogs.correiobraziliense.com.br\/vicente\/wp-json\/wp\/v2\/users\/22"}],"replies":[{"embeddable":true,"href":"https:\/\/blogs.correiobraziliense.com.br\/vicente\/wp-json\/wp\/v2\/comments?post=8951"}],"version-history":[{"count":5,"href":"https:\/\/blogs.correiobraziliense.com.br\/vicente\/wp-json\/wp\/v2\/posts\/8951\/revisions"}],"predecessor-version":[{"id":8956,"href":"https:\/\/blogs.correiobraziliense.com.br\/vicente\/wp-json\/wp\/v2\/posts\/8951\/revisions\/8956"}],"wp:attachment":[{"href":"https:\/\/blogs.correiobraziliense.com.br\/vicente\/wp-json\/wp\/v2\/media?parent=8951"}],"wp:term":[{"taxonomy":"category","embeddable":true,"href":"https:\/\/blogs.correiobraziliense.com.br\/vicente\/wp-json\/wp\/v2\/categories?post=8951"},{"taxonomy":"post_tag","embeddable":true,"href":"https:\/\/blogs.correiobraziliense.com.br\/vicente\/wp-json\/wp\/v2\/tags?post=8951"}],"curies":[{"name":"wp","href":"https:\/\/api.w.org\/{rel}","templated":true}]}}