{"id":8947,"date":"2018-08-09T20:15:40","date_gmt":"2018-08-09T23:15:40","guid":{"rendered":"https:\/\/blogs.correiobraziliense.com.br\/vicente\/?p=8947"},"modified":"2018-08-09T20:38:13","modified_gmt":"2018-08-09T23:38:13","slug":"tranquilidade-na-incerteza-politica","status":"publish","type":"post","link":"https:\/\/blogs.correiobraziliense.com.br\/vicente\/tranquilidade-na-incerteza-politica\/","title":{"rendered":"Tranquilidade na incerteza pol\u00edtica"},"content":{"rendered":"<h2>PAULO SILVA PINTO<\/h2>\n<h2><\/h2>\n<h2>O Banco Votorantim anunciou nesta quinta-feira (09\/08) lucro l\u00edquido de R$ 511 milh\u00f5es no primeiro semestre, resultado 87,5% superior ao do mesmo per\u00edodo em 2017. O presidente da institui\u00e7\u00e3o financeira, Elcio Jorge dos Santos, explica que isso foi poss\u00edvel com decis\u00f5es tomadas em 2017 para tornar o Votorantim mais resistente \u00e0s turbul\u00eancias da economia brasileira.<\/h2>\n<p>&nbsp;<\/p>\n<p>Despesas administrativa subiram abaixo da infla\u00e7\u00e3o. O provisionamento para alguns cr\u00e9ditos de recupera\u00e7\u00e3o duvidosa dobrou. Isso teve alto um custo, o que tamb\u00e9m impactou para baixo o desempenho no ano passado, beneficiando a compara\u00e7\u00e3o com 2018. \u201cAgora, estamos colhendo os frutos\u201d, diz.<\/p>\n<p>&nbsp;<\/p>\n<p>Santos espera continuar crescendo, mas n\u00e3o no mesmo ritmo. O Votorantim \u00e9 forte no financiamento de carros usados, um setor especialmente arriscado. \u201cMas \u00e9 exatamente por termos experi\u00eancia que podemos escolher os melhores clientes\u201d, ressalta.<\/p>\n<p>&nbsp;<\/p>\n<p>Sobre a incerteza do quadro eleitoral do pa\u00eds, Santos afirma que n\u00e3o ter grande preocupa\u00e7\u00e3o. \u201cTodos os assessores econ\u00f4micos dos principais candidatos \u00e0 Presid\u00eancia da Rep\u00fablica concordam que o quadro fiscal \u00e9 delicado. \u00c9 consenso de que algo precisa ser feito\u201d, ressalta. N\u00e3o h\u00e1, portanto, tend\u00eancia de estripulias por parte de quem assumir o poder em 2019.<\/p>\n<p>&nbsp;<\/p>\n<p><em>Bras\u00edlia, 20h15min<\/em><\/p>\n","protected":false},"excerpt":{"rendered":"<p>PAULO SILVA PINTO O Banco Votorantim anunciou nesta quinta-feira (09\/08) lucro l\u00edquido de R$ 511 milh\u00f5es no primeiro semestre, resultado 87,5% superior ao do mesmo per\u00edodo em 2017. O presidente da institui\u00e7\u00e3o financeira, Elcio Jorge dos Santos, explica que isso foi poss\u00edvel com decis\u00f5es tomadas em 2017 para tornar o Votorantim mais resistente \u00e0s turbul\u00eancias [&hellip;]<\/p>\n","protected":false},"author":22,"featured_media":0,"comment_status":"open","ping_status":"closed","sticky":false,"template":"","format":"standard","meta":{"footnotes":""},"categories":[600],"tags":[665,3579,2441,3578],"class_list":["post-8947","post","type-post","status-publish","format-standard","hentry","category-economia","tag-eleicoes","tag-incerteza","tag-lucro","tag-votorantim"],"_links":{"self":[{"href":"https:\/\/blogs.correiobraziliense.com.br\/vicente\/wp-json\/wp\/v2\/posts\/8947","targetHints":{"allow":["GET"]}}],"collection":[{"href":"https:\/\/blogs.correiobraziliense.com.br\/vicente\/wp-json\/wp\/v2\/posts"}],"about":[{"href":"https:\/\/blogs.correiobraziliense.com.br\/vicente\/wp-json\/wp\/v2\/types\/post"}],"author":[{"embeddable":true,"href":"https:\/\/blogs.correiobraziliense.com.br\/vicente\/wp-json\/wp\/v2\/users\/22"}],"replies":[{"embeddable":true,"href":"https:\/\/blogs.correiobraziliense.com.br\/vicente\/wp-json\/wp\/v2\/comments?post=8947"}],"version-history":[{"count":1,"href":"https:\/\/blogs.correiobraziliense.com.br\/vicente\/wp-json\/wp\/v2\/posts\/8947\/revisions"}],"predecessor-version":[{"id":8948,"href":"https:\/\/blogs.correiobraziliense.com.br\/vicente\/wp-json\/wp\/v2\/posts\/8947\/revisions\/8948"}],"wp:attachment":[{"href":"https:\/\/blogs.correiobraziliense.com.br\/vicente\/wp-json\/wp\/v2\/media?parent=8947"}],"wp:term":[{"taxonomy":"category","embeddable":true,"href":"https:\/\/blogs.correiobraziliense.com.br\/vicente\/wp-json\/wp\/v2\/categories?post=8947"},{"taxonomy":"post_tag","embeddable":true,"href":"https:\/\/blogs.correiobraziliense.com.br\/vicente\/wp-json\/wp\/v2\/tags?post=8947"}],"curies":[{"name":"wp","href":"https:\/\/api.w.org\/{rel}","templated":true}]}}