{"id":8938,"date":"2018-08-09T18:18:34","date_gmt":"2018-08-09T21:18:34","guid":{"rendered":"https:\/\/blogs.correiobraziliense.com.br\/vicente\/?p=8938"},"modified":"2018-08-09T18:45:46","modified_gmt":"2018-08-09T21:45:46","slug":"reajuste-para-stf-pode-turbinar-salarios-de-5-773-servidores-federais","status":"publish","type":"post","link":"https:\/\/blogs.correiobraziliense.com.br\/vicente\/reajuste-para-stf-pode-turbinar-salarios-de-5-773-servidores-federais\/","title":{"rendered":"Reajuste para STF pode turbinar sal\u00e1rios de 5.773 servidores federais"},"content":{"rendered":"<p>ANTONIO TEM\u00d3TEO<\/p>\n<p style=\"text-align: left\">Dados do Minist\u00e9rio do Planejamento apontam que, caso o reajuste nos sal\u00e1rios dos ministros do Supremo Tribunal Federal (STF) seja aprovado, ter\u00e1 um efeito cascata nos vencimentos de\u00a05.773 servidores do Executivo Federal. Os magistrados pleiteiam remunera\u00e7\u00e3o mensal de\u00a0R$ 39,3 mil. N\u00e3o s\u00e3o levados em conta servidores do Legislativo e do Judici\u00e1rio.<\/p>\n<p>O gasto adicional com o pagamento desses servidores ser\u00e1 da ordem de R$ 18,703 milh\u00f5es por m\u00eas e de R$ 243,1 milh\u00f5es por ano, se a revis\u00e3o nos vencimentos for\u00a0aprovada pelo Congresso Nacional.\u00a0O reajuste do teto tamb\u00e9m atinge os cargos de presidente, vice-presidente e ministros, que t\u00eam a sua remunera\u00e7\u00e3o fixada pelo Legislativo. A eleva\u00e7\u00e3o do gasto na folha de pagamento seria de mais R$ 7 milh\u00f5es por ano.<\/p>\n<p>Nos casos em que o servidor\u00a0tem remunera\u00e7\u00e3o superior ao teto de R$ 33.763, \u00e9 realizado um desconto no contracheque, conforme o artigo 42 da Lei 8.112\/90 (abate-teto).\u00a0Vale lembrar que o aumento do teto dos ministros do Supremo tamb\u00e9m teria efeito sobre o vencimento do procurador-geral da Rep\u00fablica, procuradores, ministros da diversas cortes do pa\u00eds e juizes de primeiro e segundo grau. Sempre que um reajuste \u00e9 aprovado, h\u00e1 um efeito cascata em todas as esferas do poder p\u00fablico.<\/p>\n","protected":false},"excerpt":{"rendered":"<p>ANTONIO TEM\u00d3TEO Dados do Minist\u00e9rio do Planejamento apontam que, caso o reajuste nos sal\u00e1rios dos ministros do Supremo Tribunal Federal (STF) seja aprovado, ter\u00e1 um efeito cascata nos vencimentos de\u00a05.773 servidores do Executivo Federal. Os magistrados pleiteiam remunera\u00e7\u00e3o mensal de\u00a0R$ 39,3 mil. N\u00e3o s\u00e3o levados em conta servidores do Legislativo e do Judici\u00e1rio. O gasto [&hellip;]<\/p>\n","protected":false},"author":22,"featured_media":8944,"comment_status":"open","ping_status":"closed","sticky":false,"template":"","format":"standard","meta":{"footnotes":""},"categories":[600],"tags":[3577,1730,264,2209,123],"class_list":["post-8938","post","type-post","status-publish","format-standard","has-post-thumbnail","hentry","category-economia","tag-executivo-federal","tag-impacto","tag-reajuste","tag-reajuste-salarial","tag-servidores"],"_links":{"self":[{"href":"https:\/\/blogs.correiobraziliense.com.br\/vicente\/wp-json\/wp\/v2\/posts\/8938","targetHints":{"allow":["GET"]}}],"collection":[{"href":"https:\/\/blogs.correiobraziliense.com.br\/vicente\/wp-json\/wp\/v2\/posts"}],"about":[{"href":"https:\/\/blogs.correiobraziliense.com.br\/vicente\/wp-json\/wp\/v2\/types\/post"}],"author":[{"embeddable":true,"href":"https:\/\/blogs.correiobraziliense.com.br\/vicente\/wp-json\/wp\/v2\/users\/22"}],"replies":[{"embeddable":true,"href":"https:\/\/blogs.correiobraziliense.com.br\/vicente\/wp-json\/wp\/v2\/comments?post=8938"}],"version-history":[{"count":6,"href":"https:\/\/blogs.correiobraziliense.com.br\/vicente\/wp-json\/wp\/v2\/posts\/8938\/revisions"}],"predecessor-version":[{"id":8945,"href":"https:\/\/blogs.correiobraziliense.com.br\/vicente\/wp-json\/wp\/v2\/posts\/8938\/revisions\/8945"}],"wp:featuredmedia":[{"embeddable":true,"href":"https:\/\/blogs.correiobraziliense.com.br\/vicente\/wp-json\/wp\/v2\/media\/8944"}],"wp:attachment":[{"href":"https:\/\/blogs.correiobraziliense.com.br\/vicente\/wp-json\/wp\/v2\/media?parent=8938"}],"wp:term":[{"taxonomy":"category","embeddable":true,"href":"https:\/\/blogs.correiobraziliense.com.br\/vicente\/wp-json\/wp\/v2\/categories?post=8938"},{"taxonomy":"post_tag","embeddable":true,"href":"https:\/\/blogs.correiobraziliense.com.br\/vicente\/wp-json\/wp\/v2\/tags?post=8938"}],"curies":[{"name":"wp","href":"https:\/\/api.w.org\/{rel}","templated":true}]}}